{"id":952,"date":"2023-05-20T20:49:33","date_gmt":"2023-05-20T18:49:33","guid":{"rendered":"https:\/\/musique-sacree-aix.fr\/?p=952"},"modified":"2024-01-10T17:34:34","modified_gmt":"2024-01-10T16:34:34","slug":"le-chantre-des-insectes","status":"publish","type":"post","link":"https:\/\/musique-sacree-aix.fr\/index.php\/2023\/05\/20\/le-chantre-des-insectes\/","title":{"rendered":"Le Chantre des Insectes"},"content":{"rendered":"\n<p class=\"has-text-align-center has-white-color has-text-color\"><strong>Cr\u00e9ation &#8211;<\/strong> <strong>Choeur d&rsquo;enfants et Orgue<\/strong><br>Hommage \u00e0 l\u2019entomologiste Jean-Henri FABRE, Cr\u00e9ation Gr\u00e9goire ROLLAND<\/p>\n\n\n\n<div style=\"height:43px\" aria-hidden=\"true\" class=\"wp-block-spacer\"><\/div>\n\n\n\n<p class=\"has-text-align-left\"><strong>Chorale Amadeus <\/strong>(coll\u00e8ge Jeanne d\u2019Arc &#8211; Conservatoire de musique du Pays d\u2019Apt Luberon)<br><strong>Ecole Persil Pouzaraque<\/strong> (Avignon)<br><strong>Classe multi-claviers <\/strong>(conservatoire de musique du Pays d\u2019Apt Luberon)<\/p>\n\n\n\n<p><strong>Maryline Chopard<\/strong>, (cheffe de choeur), enseignante au conservatoire du Grand Avignon <br><strong>Lynda Kaisin<\/strong> (cheffe de choeur), <br><strong>Pascal Briosne<\/strong> (chef de choeur), <br><strong>Sophie Bois<\/strong> (professeur d\u2019orgue et de clavecin), enseignants au conservatoire du Pays d\u2019Apt Luberon<\/p>\n\n\n\n<p class=\"has-text-align-center\"><strong>Gr\u00e9goire ROLLAND<\/strong>, compositeur et organiste<\/p>\n\n\n\n<div style=\"height:35px\" aria-hidden=\"true\" class=\"wp-block-spacer\"><\/div>\n\n\n\n<p class=\"has-text-align-center has-white-color has-text-color\"><strong>Dimanche 11 juin \u00e0 17h \u00e0 la Cath\u00e9drale St Sauveur d\u2019Aix-en-Provence (13).<\/strong><br><strong>Entr\u00e9e Libre<\/strong><\/p>\n\n\n\n<div style=\"height:54px\" aria-hidden=\"true\" class=\"wp-block-spacer\"><\/div>\n\n\n\n<p class=\"has-drop-cap has-text-align-justify\">Le Chantre des Insectes pour ch\u0153ur d&rsquo;enfants et orgue est une commande de Prodig&rsquo;art, en partenariat avec Isabelle Ronzier, productrice. C&rsquo;est une \u0153uvre sp\u00e9cifiquement \u00e9crite pour pouvoir \u00eatre transmise \u00e0 des enfants qui n&rsquo;ont pas n\u00e9cessairement acc\u00e8s \u00e0 une \u00e9ducation musicale.<br>Le titre fait r\u00e9f\u00e9rence \u00e0 Jean-Henri Fabre, \u00e9minent entomologiste avignonais, \u00e9galement appel\u00e9 L&rsquo;Hom\u00e8re des Insectes. L&rsquo;\u0153uvre musicale explore donc le monde artistique et scientifique de Fabre, en s&rsquo;attachant \u00e0 la th\u00e9matique des insectes, et en utilisant \u00e9galement certains textes po\u00e9tiques de cet auteur.<br><br>Le Chantre des Insectes est con\u00e7u comme le r\u00e9sum\u00e9 d&rsquo;une \u00ab&nbsp;journ\u00e9e&nbsp;\u00bb dans la nature, avec diff\u00e9rents insectes clairement identifi\u00e9s. Tout d&rsquo;abord, le grillon, qui fait partie \u00e0 la fois du monde de la nuit et du jour, selon qu&rsquo;il stridule ou qu&rsquo;il chante. Ainsi, on le retrouve au d\u00e9but de l&rsquo;\u0153uvre (Le R\u00e9veil des Insectes, Le Grillon), o\u00f9 son chant v\u00e9ritable prend le pas sur la stridulation nocturne. Puis c&rsquo;est au tour de la cigale de chanter, elle qui se retrouve au centre de la journ\u00e9e, puisque li\u00e9e aux chaudes temp\u00e9ratures estivales. Enfin, le hanneton, que l&rsquo;on peut davantage observer en fin de journ\u00e9e, fait entendre son vol, et son cri si caract\u00e9ristique.<br><br>Ces trois insectes musiciens ont \u00e9t\u00e9 choisies car ils offrent trois \u00e9missions du son diff\u00e9rentes. Le grillon se rapporte au principe des cordes frott\u00e9es, alors que la cigale utilise davantage la technique de la percussion (de type \u00ab&nbsp;caisse claire&nbsp;\u00bb) et le hanneton expulse de l&rsquo;air pour faire entendre son cri (\u00ab&nbsp;instrument \u00e0 vent&nbsp;\u00bb). Ces distinctions permettent de varier dans l&rsquo;\u0153uvre musicale les techniques vocales des enfants, et offrent une r\u00e9elle identit\u00e9 musicale pour chacun des mouvements.<br><br>Les interludes \u00e0 l&rsquo;orgue permettent de passer d&rsquo;un univers d&rsquo;insectes \u00e0 un autre, de mani\u00e8re<br>plus continue.<br><br>Les textes utilis\u00e9s sont tous issus de la production po\u00e9tique de Jean-Henri Fabre. Seuls quelques extraits ont \u00e9t\u00e9 conserv\u00e9s, certains ayant \u00e9t\u00e9 traduits du proven\u00e7al. Ces textes commentent les insectes, ou mettent en sc\u00e8ne leur d\u00e9couverte. Cela permet de penser le ch\u0153ur d&rsquo;enfants comme un groupe qui commente l&rsquo;action, \u00e0 la mani\u00e8re des ch\u0153urs que l&rsquo;on retrouve dans la trag\u00e9die grecque. Une partie de l&rsquo;\u0153uvre travaille \u00e9galement sur le principe d&rsquo;imitation de l&rsquo;insecte.<br>Tout le mat\u00e9riau musical de l&rsquo;\u0153uvre est extrait d&rsquo;analyses spectrales de diff\u00e9rents sons d&rsquo;insectes&nbsp;: grillon, courtili\u00e8re, cigale, hanneton, ambiance de nuit, \u2026<br>Seule la m\u00e9lodie chant\u00e9e par les enfants au centre du mouvement \u00ab&nbsp;La Cigale&nbsp;\u00bb est inspir\u00e9e de la chanson de Fabre, du m\u00eame nom.<br><br>Les registrations indiqu\u00e9es sont des propositions. Il convient de les adapter en fonction de l&rsquo;instrument dont on dispose.<\/p>\n","protected":false},"excerpt":{"rendered":"<p>Cr\u00e9ation &#8211; Choeur d&rsquo;enfants et OrgueHommage \u00e0 l\u2019entomologiste Jean-Henri FABRE, Cr\u00e9ation Gr\u00e9goire ROLLAND Chorale Amadeus (coll\u00e8ge Jeanne d\u2019Arc &#8211; Conservatoire de musique du Pays d\u2019Apt Luberon)Ecole Persil Pouzaraque (Avignon)Classe multi-claviers (conservatoire de musique du Pays d\u2019Apt Luberon) Maryline Chopard, (cheffe de choeur), enseignante au conservatoire du Grand Avignon Lynda Kaisin (cheffe de choeur), Pascal Briosne &hellip; <\/p>\n","protected":false},"author":1,"featured_media":967,"comment_status":"closed","ping_status":"closed","sticky":false,"template":"","format":"standard","meta":{"spay_email":""},"categories":[4],"tags":[],"yoast_head":"<!-- This site is optimized with the Yoast SEO plugin v17.9 - https:\/\/yoast.com\/wordpress\/plugins\/seo\/ -->\n<title>Le Chantre des Insectes - Musique Sacr\u00e9e<\/title>\n<meta name=\"robots\" content=\"index, follow, max-snippet:-1, max-image-preview:large, max-video-preview:-1\" \/>\n<link rel=\"canonical\" href=\"https:\/\/musique-sacree-aix.fr\/index.php\/2023\/05\/20\/le-chantre-des-insectes\/\" \/>\n<meta property=\"og:locale\" content=\"fr_FR\" \/>\n<meta property=\"og:type\" content=\"article\" \/>\n<meta property=\"og:title\" content=\"Le Chantre des Insectes - Musique Sacr\u00e9e\" \/>\n<meta property=\"og:description\" content=\"Cr\u00e9ation &#8211; Choeur d&rsquo;enfants et OrgueHommage \u00e0 l\u2019entomologiste Jean-Henri FABRE, Cr\u00e9ation Gr\u00e9goire ROLLAND Chorale Amadeus (coll\u00e8ge Jeanne d\u2019Arc &#8211; Conservatoire de musique du Pays d\u2019Apt Luberon)Ecole Persil Pouzaraque (Avignon)Classe multi-claviers (conservatoire de musique du Pays d\u2019Apt Luberon) Maryline Chopard, (cheffe de choeur), enseignante au conservatoire du Grand Avignon Lynda Kaisin (cheffe de choeur), Pascal Briosne &hellip;\" \/>\n<meta property=\"og:url\" content=\"https:\/\/musique-sacree-aix.fr\/index.php\/2023\/05\/20\/le-chantre-des-insectes\/\" \/>\n<meta property=\"og:site_name\" content=\"Musique Sacr\u00e9e\" \/>\n<meta property=\"article:publisher\" content=\"https:\/\/www.facebook.com\/musiquesacree.cathedraleaix\/\" \/>\n<meta property=\"article:published_time\" content=\"2023-05-20T18:49:33+00:00\" \/>\n<meta property=\"article:modified_time\" content=\"2024-01-10T16:34:34+00:00\" \/>\n<meta property=\"og:image\" content=\"https:\/\/musique-sacree-aix.fr\/wp-content\/uploads\/2023\/05\/butterfly-834843.jpg\" \/>\n\t<meta property=\"og:image:width\" content=\"2063\" \/>\n\t<meta property=\"og:image:height\" content=\"886\" \/>\n\t<meta property=\"og:image:type\" content=\"image\/jpeg\" \/>\n<meta name=\"twitter:card\" content=\"summary_large_image\" \/>\n<meta name=\"twitter:label1\" content=\"\u00c9crit par\" \/>\n\t<meta name=\"twitter:data1\" content=\"admin9269\" \/>\n\t<meta name=\"twitter:label2\" content=\"Dur\u00e9e de lecture estim\u00e9e\" \/>\n\t<meta name=\"twitter:data2\" content=\"3 minutes\" \/>\n<script type=\"application\/ld+json\" class=\"yoast-schema-graph\">{\"@context\":\"https:\/\/schema.org\",\"@graph\":[{\"@type\":\"Organization\",\"@id\":\"https:\/\/musique-sacree-aix.fr\/#organization\",\"name\":\"Musique Sacr\\u00e9e \\u00e0 la Cath\\u00e9drale d'Aix-en-Provence\",\"url\":\"https:\/\/musique-sacree-aix.fr\/\",\"sameAs\":[\"https:\/\/www.facebook.com\/musiquesacree.cathedraleaix\/\",\"https:\/\/www.youtube.com\/channel\/UC6PTCinXrlV6yM0dU4YTBww\"],\"logo\":{\"@type\":\"ImageObject\",\"@id\":\"https:\/\/musique-sacree-aix.fr\/#logo\",\"inLanguage\":\"fr-FR\",\"url\":\"https:\/\/musique-sacree-aix.fr\/wp-content\/uploads\/2020\/09\/HD-Logo-MSCA-couleur.png\",\"contentUrl\":\"https:\/\/musique-sacree-aix.fr\/wp-content\/uploads\/2020\/09\/HD-Logo-MSCA-couleur.png\",\"width\":2362,\"height\":2362,\"caption\":\"Musique Sacr\\u00e9e \\u00e0 la Cath\\u00e9drale d'Aix-en-Provence\"},\"image\":{\"@id\":\"https:\/\/musique-sacree-aix.fr\/#logo\"}},{\"@type\":\"WebSite\",\"@id\":\"https:\/\/musique-sacree-aix.fr\/#website\",\"url\":\"https:\/\/musique-sacree-aix.fr\/\",\"name\":\"Musique Sacr\\u00e9e Aix\",\"description\":\"\\u00e0 la Cath\\u00e9drale dAix-en-Provence\",\"publisher\":{\"@id\":\"https:\/\/musique-sacree-aix.fr\/#organization\"},\"potentialAction\":[{\"@type\":\"SearchAction\",\"target\":{\"@type\":\"EntryPoint\",\"urlTemplate\":\"https:\/\/musique-sacree-aix.fr\/?s={search_term_string}\"},\"query-input\":\"required name=search_term_string\"}],\"inLanguage\":\"fr-FR\"},{\"@type\":\"ImageObject\",\"@id\":\"https:\/\/musique-sacree-aix.fr\/index.php\/2023\/05\/20\/le-chantre-des-insectes\/#primaryimage\",\"inLanguage\":\"fr-FR\",\"url\":\"https:\/\/musique-sacree-aix.fr\/wp-content\/uploads\/2023\/05\/butterfly-834843.jpg\",\"contentUrl\":\"https:\/\/musique-sacree-aix.fr\/wp-content\/uploads\/2023\/05\/butterfly-834843.jpg\",\"width\":2063,\"height\":886},{\"@type\":\"WebPage\",\"@id\":\"https:\/\/musique-sacree-aix.fr\/index.php\/2023\/05\/20\/le-chantre-des-insectes\/#webpage\",\"url\":\"https:\/\/musique-sacree-aix.fr\/index.php\/2023\/05\/20\/le-chantre-des-insectes\/\",\"name\":\"Le Chantre des Insectes - Musique Sacr\\u00e9e\",\"isPartOf\":{\"@id\":\"https:\/\/musique-sacree-aix.fr\/#website\"},\"primaryImageOfPage\":{\"@id\":\"https:\/\/musique-sacree-aix.fr\/index.php\/2023\/05\/20\/le-chantre-des-insectes\/#primaryimage\"},\"datePublished\":\"2023-05-20T18:49:33+00:00\",\"dateModified\":\"2024-01-10T16:34:34+00:00\",\"breadcrumb\":{\"@id\":\"https:\/\/musique-sacree-aix.fr\/index.php\/2023\/05\/20\/le-chantre-des-insectes\/#breadcrumb\"},\"inLanguage\":\"fr-FR\",\"potentialAction\":[{\"@type\":\"ReadAction\",\"target\":[\"https:\/\/musique-sacree-aix.fr\/index.php\/2023\/05\/20\/le-chantre-des-insectes\/\"]}]},{\"@type\":\"BreadcrumbList\",\"@id\":\"https:\/\/musique-sacree-aix.fr\/index.php\/2023\/05\/20\/le-chantre-des-insectes\/#breadcrumb\",\"itemListElement\":[{\"@type\":\"ListItem\",\"position\":1,\"name\":\"Accueil\",\"item\":\"https:\/\/musique-sacree-aix.fr\/\"},{\"@type\":\"ListItem\",\"position\":2,\"name\":\"Le Chantre des Insectes\"}]},{\"@type\":\"Article\",\"@id\":\"https:\/\/musique-sacree-aix.fr\/index.php\/2023\/05\/20\/le-chantre-des-insectes\/#article\",\"isPartOf\":{\"@id\":\"https:\/\/musique-sacree-aix.fr\/index.php\/2023\/05\/20\/le-chantre-des-insectes\/#webpage\"},\"author\":{\"@id\":\"https:\/\/musique-sacree-aix.fr\/#\/schema\/person\/7cdbe29794d7312fb598f3e2c366f86e\"},\"headline\":\"Le Chantre des Insectes\",\"datePublished\":\"2023-05-20T18:49:33+00:00\",\"dateModified\":\"2024-01-10T16:34:34+00:00\",\"mainEntityOfPage\":{\"@id\":\"https:\/\/musique-sacree-aix.fr\/index.php\/2023\/05\/20\/le-chantre-des-insectes\/#webpage\"},\"wordCount\":579,\"publisher\":{\"@id\":\"https:\/\/musique-sacree-aix.fr\/#organization\"},\"image\":{\"@id\":\"https:\/\/musique-sacree-aix.fr\/index.php\/2023\/05\/20\/le-chantre-des-insectes\/#primaryimage\"},\"thumbnailUrl\":\"https:\/\/musique-sacree-aix.fr\/wp-content\/uploads\/2023\/05\/butterfly-834843.jpg\",\"articleSection\":[\"Actualit\\u00e9s\"],\"inLanguage\":\"fr-FR\"},{\"@type\":\"Person\",\"@id\":\"https:\/\/musique-sacree-aix.fr\/#\/schema\/person\/7cdbe29794d7312fb598f3e2c366f86e\",\"name\":\"admin9269\",\"image\":{\"@type\":\"ImageObject\",\"@id\":\"https:\/\/musique-sacree-aix.fr\/#personlogo\",\"inLanguage\":\"fr-FR\",\"url\":\"https:\/\/secure.gravatar.com\/avatar\/748892e064299dd0d3fd6f30c1cb9f41?s=96&d=mm&r=g\",\"contentUrl\":\"https:\/\/secure.gravatar.com\/avatar\/748892e064299dd0d3fd6f30c1cb9f41?s=96&d=mm&r=g\",\"caption\":\"admin9269\"},\"url\":\"https:\/\/musique-sacree-aix.fr\/index.php\/author\/admin9269\/\"}]}<\/script>\n<!-- \/ Yoast SEO plugin. -->","yoast_head_json":{"title":"Le Chantre des Insectes - Musique Sacr\u00e9e","robots":{"index":"index","follow":"follow","max-snippet":"max-snippet:-1","max-image-preview":"max-image-preview:large","max-video-preview":"max-video-preview:-1"},"canonical":"https:\/\/musique-sacree-aix.fr\/index.php\/2023\/05\/20\/le-chantre-des-insectes\/","og_locale":"fr_FR","og_type":"article","og_title":"Le Chantre des Insectes - Musique Sacr\u00e9e","og_description":"Cr\u00e9ation &#8211; Choeur d&rsquo;enfants et OrgueHommage \u00e0 l\u2019entomologiste Jean-Henri FABRE, Cr\u00e9ation Gr\u00e9goire ROLLAND Chorale Amadeus (coll\u00e8ge Jeanne d\u2019Arc &#8211; Conservatoire de musique du Pays d\u2019Apt Luberon)Ecole Persil Pouzaraque (Avignon)Classe multi-claviers (conservatoire de musique du Pays d\u2019Apt Luberon) Maryline Chopard, (cheffe de choeur), enseignante au conservatoire du Grand Avignon Lynda Kaisin (cheffe de choeur), Pascal Briosne &hellip;","og_url":"https:\/\/musique-sacree-aix.fr\/index.php\/2023\/05\/20\/le-chantre-des-insectes\/","og_site_name":"Musique Sacr\u00e9e","article_publisher":"https:\/\/www.facebook.com\/musiquesacree.cathedraleaix\/","article_published_time":"2023-05-20T18:49:33+00:00","article_modified_time":"2024-01-10T16:34:34+00:00","og_image":[{"width":2063,"height":886,"url":"https:\/\/musique-sacree-aix.fr\/wp-content\/uploads\/2023\/05\/butterfly-834843.jpg","type":"image\/jpeg"}],"twitter_card":"summary_large_image","twitter_misc":{"\u00c9crit par":"admin9269","Dur\u00e9e de lecture estim\u00e9e":"3 minutes"},"schema":{"@context":"https:\/\/schema.org","@graph":[{"@type":"Organization","@id":"https:\/\/musique-sacree-aix.fr\/#organization","name":"Musique Sacr\u00e9e \u00e0 la Cath\u00e9drale d'Aix-en-Provence","url":"https:\/\/musique-sacree-aix.fr\/","sameAs":["https:\/\/www.facebook.com\/musiquesacree.cathedraleaix\/","https:\/\/www.youtube.com\/channel\/UC6PTCinXrlV6yM0dU4YTBww"],"logo":{"@type":"ImageObject","@id":"https:\/\/musique-sacree-aix.fr\/#logo","inLanguage":"fr-FR","url":"https:\/\/musique-sacree-aix.fr\/wp-content\/uploads\/2020\/09\/HD-Logo-MSCA-couleur.png","contentUrl":"https:\/\/musique-sacree-aix.fr\/wp-content\/uploads\/2020\/09\/HD-Logo-MSCA-couleur.png","width":2362,"height":2362,"caption":"Musique Sacr\u00e9e \u00e0 la Cath\u00e9drale d'Aix-en-Provence"},"image":{"@id":"https:\/\/musique-sacree-aix.fr\/#logo"}},{"@type":"WebSite","@id":"https:\/\/musique-sacree-aix.fr\/#website","url":"https:\/\/musique-sacree-aix.fr\/","name":"Musique Sacr\u00e9e Aix","description":"\u00e0 la Cath\u00e9drale dAix-en-Provence","publisher":{"@id":"https:\/\/musique-sacree-aix.fr\/#organization"},"potentialAction":[{"@type":"SearchAction","target":{"@type":"EntryPoint","urlTemplate":"https:\/\/musique-sacree-aix.fr\/?s={search_term_string}"},"query-input":"required name=search_term_string"}],"inLanguage":"fr-FR"},{"@type":"ImageObject","@id":"https:\/\/musique-sacree-aix.fr\/index.php\/2023\/05\/20\/le-chantre-des-insectes\/#primaryimage","inLanguage":"fr-FR","url":"https:\/\/musique-sacree-aix.fr\/wp-content\/uploads\/2023\/05\/butterfly-834843.jpg","contentUrl":"https:\/\/musique-sacree-aix.fr\/wp-content\/uploads\/2023\/05\/butterfly-834843.jpg","width":2063,"height":886},{"@type":"WebPage","@id":"https:\/\/musique-sacree-aix.fr\/index.php\/2023\/05\/20\/le-chantre-des-insectes\/#webpage","url":"https:\/\/musique-sacree-aix.fr\/index.php\/2023\/05\/20\/le-chantre-des-insectes\/","name":"Le Chantre des Insectes - Musique Sacr\u00e9e","isPartOf":{"@id":"https:\/\/musique-sacree-aix.fr\/#website"},"primaryImageOfPage":{"@id":"https:\/\/musique-sacree-aix.fr\/index.php\/2023\/05\/20\/le-chantre-des-insectes\/#primaryimage"},"datePublished":"2023-05-20T18:49:33+00:00","dateModified":"2024-01-10T16:34:34+00:00","breadcrumb":{"@id":"https:\/\/musique-sacree-aix.fr\/index.php\/2023\/05\/20\/le-chantre-des-insectes\/#breadcrumb"},"inLanguage":"fr-FR","potentialAction":[{"@type":"ReadAction","target":["https:\/\/musique-sacree-aix.fr\/index.php\/2023\/05\/20\/le-chantre-des-insectes\/"]}]},{"@type":"BreadcrumbList","@id":"https:\/\/musique-sacree-aix.fr\/index.php\/2023\/05\/20\/le-chantre-des-insectes\/#breadcrumb","itemListElement":[{"@type":"ListItem","position":1,"name":"Accueil","item":"https:\/\/musique-sacree-aix.fr\/"},{"@type":"ListItem","position":2,"name":"Le Chantre des Insectes"}]},{"@type":"Article","@id":"https:\/\/musique-sacree-aix.fr\/index.php\/2023\/05\/20\/le-chantre-des-insectes\/#article","isPartOf":{"@id":"https:\/\/musique-sacree-aix.fr\/index.php\/2023\/05\/20\/le-chantre-des-insectes\/#webpage"},"author":{"@id":"https:\/\/musique-sacree-aix.fr\/#\/schema\/person\/7cdbe29794d7312fb598f3e2c366f86e"},"headline":"Le Chantre des Insectes","datePublished":"2023-05-20T18:49:33+00:00","dateModified":"2024-01-10T16:34:34+00:00","mainEntityOfPage":{"@id":"https:\/\/musique-sacree-aix.fr\/index.php\/2023\/05\/20\/le-chantre-des-insectes\/#webpage"},"wordCount":579,"publisher":{"@id":"https:\/\/musique-sacree-aix.fr\/#organization"},"image":{"@id":"https:\/\/musique-sacree-aix.fr\/index.php\/2023\/05\/20\/le-chantre-des-insectes\/#primaryimage"},"thumbnailUrl":"https:\/\/musique-sacree-aix.fr\/wp-content\/uploads\/2023\/05\/butterfly-834843.jpg","articleSection":["Actualit\u00e9s"],"inLanguage":"fr-FR"},{"@type":"Person","@id":"https:\/\/musique-sacree-aix.fr\/#\/schema\/person\/7cdbe29794d7312fb598f3e2c366f86e","name":"admin9269","image":{"@type":"ImageObject","@id":"https:\/\/musique-sacree-aix.fr\/#personlogo","inLanguage":"fr-FR","url":"https:\/\/secure.gravatar.com\/avatar\/748892e064299dd0d3fd6f30c1cb9f41?s=96&d=mm&r=g","contentUrl":"https:\/\/secure.gravatar.com\/avatar\/748892e064299dd0d3fd6f30c1cb9f41?s=96&d=mm&r=g","caption":"admin9269"},"url":"https:\/\/musique-sacree-aix.fr\/index.php\/author\/admin9269\/"}]}},"jetpack_featured_media_url":"https:\/\/musique-sacree-aix.fr\/wp-content\/uploads\/2023\/05\/butterfly-834843.jpg","jetpack_sharing_enabled":true,"_links":{"self":[{"href":"https:\/\/musique-sacree-aix.fr\/index.php\/wp-json\/wp\/v2\/posts\/952"}],"collection":[{"href":"https:\/\/musique-sacree-aix.fr\/index.php\/wp-json\/wp\/v2\/posts"}],"about":[{"href":"https:\/\/musique-sacree-aix.fr\/index.php\/wp-json\/wp\/v2\/types\/post"}],"author":[{"embeddable":true,"href":"https:\/\/musique-sacree-aix.fr\/index.php\/wp-json\/wp\/v2\/users\/1"}],"replies":[{"embeddable":true,"href":"https:\/\/musique-sacree-aix.fr\/index.php\/wp-json\/wp\/v2\/comments?post=952"}],"version-history":[{"count":11,"href":"https:\/\/musique-sacree-aix.fr\/index.php\/wp-json\/wp\/v2\/posts\/952\/revisions"}],"predecessor-version":[{"id":971,"href":"https:\/\/musique-sacree-aix.fr\/index.php\/wp-json\/wp\/v2\/posts\/952\/revisions\/971"}],"wp:featuredmedia":[{"embeddable":true,"href":"https:\/\/musique-sacree-aix.fr\/index.php\/wp-json\/wp\/v2\/media\/967"}],"wp:attachment":[{"href":"https:\/\/musique-sacree-aix.fr\/index.php\/wp-json\/wp\/v2\/media?parent=952"}],"wp:term":[{"taxonomy":"category","embeddable":true,"href":"https:\/\/musique-sacree-aix.fr\/index.php\/wp-json\/wp\/v2\/categories?post=952"},{"taxonomy":"post_tag","embeddable":true,"href":"https:\/\/musique-sacree-aix.fr\/index.php\/wp-json\/wp\/v2\/tags?post=952"}],"curies":[{"name":"wp","href":"https:\/\/api.w.org\/{rel}","templated":true}]}}