{"id":925,"date":"2023-01-15T00:16:15","date_gmt":"2023-01-14T23:16:15","guid":{"rendered":"https:\/\/musique-sacree-aix.fr\/?p=925"},"modified":"2023-02-12T14:29:41","modified_gmt":"2023-02-12T13:29:41","slug":"concert-dorgue","status":"publish","type":"post","link":"https:\/\/musique-sacree-aix.fr\/index.php\/2023\/01\/15\/concert-dorgue\/","title":{"rendered":"Retro : Concert d&rsquo;Orgue"},"content":{"rendered":"\n<p>C&rsquo;est Gr\u00e9goire ROLLAND qui ouvrira l&rsquo;ann\u00e9e 2023 \u00e0 l&rsquo;occasion d&rsquo;un concert d&rsquo;orgue encore in\u00e9dit \u00e0 la Cath\u00e9drale d&rsquo;Aix-en-Provence. A l&rsquo;occasion de ce nouveau programme No\u00ebls et Pastorales, l&rsquo;organiste titulaire de Saint-Sauveur jouera des oeuvres de C\u00e9sar Franck, J-S Bach et JF. Dandrieu.<\/p>\n\n\n\n<p>RDV Cath\u00e9drale Saint Sauveur, Aix-en-Provence<br>Dimanche 15 janvier \u00e0 17h &#8211; entr\u00e9e libre<\/p>\n\n\n\n<p><\/p>\n\n\n\n<div class=\"wp-block-media-text alignwide has-media-on-the-right is-stacked-on-mobile\"><figure class=\"wp-block-media-text__media\"><img loading=\"lazy\" width=\"1024\" height=\"646\" src=\"https:\/\/musique-sacree-aix.fr\/wp-content\/uploads\/2021\/06\/IMGP2538-1024x646.jpg\" alt=\"\" class=\"wp-image-369 size-full\" srcset=\"https:\/\/musique-sacree-aix.fr\/wp-content\/uploads\/2021\/06\/IMGP2538-1024x646.jpg 1024w, https:\/\/musique-sacree-aix.fr\/wp-content\/uploads\/2021\/06\/IMGP2538-300x189.jpg 300w, https:\/\/musique-sacree-aix.fr\/wp-content\/uploads\/2021\/06\/IMGP2538-768x484.jpg 768w, https:\/\/musique-sacree-aix.fr\/wp-content\/uploads\/2021\/06\/IMGP2538-1536x969.jpg 1536w, https:\/\/musique-sacree-aix.fr\/wp-content\/uploads\/2021\/06\/IMGP2538-2048x1292.jpg 2048w\" sizes=\"(max-width: 1024px) 100vw, 1024px\" \/><\/figure><div class=\"wp-block-media-text__content\">\n<p class=\"has-drop-cap has-normal-font-size\">Compositeur et organiste, Gr\u00e9goire Rolland a obtenu un Master d\u2019\u00e9criture, un prix d\u2019analyse, un Master d\u2019orgue et un prix d\u2019orchestration au Conservatoire National Sup\u00e9rieur de Musique de Paris. Il est par ailleurs titulaire d\u2019un Master de composition de la Haute \u00c9cole de Musique de Gen\u00e8ve et d\u2019une licence de musique et musicologie de la Sorbonne.<\/p>\n<\/div><\/div>\n\n\n\n<p class=\"has-text-align-justify\">Il re\u00e7oit plusieurs prix de composition aux concours de composition de Saint-Bertrand de Comminges, d\u2019Evreux, de la Fondation De Lacour, de l\u2019orchestre de Caen. De nombreuses institutions lui passent commande telles que Musique Sacr\u00e9e \u00e0 Notre-Dame de Paris, la Fondation de Lacour, le Ch\u0153ur et l\u2019Orchestre de la Cit\u00e9 Internationale Universitaire de Paris, le festival Les Tr\u00e8s riches heures de l\u2019orgue en Berry, Toulouse les Orgues, Radio France, l\u2019Abbaye de Sylvan\u00e8s ou le festival La B\u00e2tie de Gen\u00e8ve. Ses \u0153uvres ont \u00e9t\u00e9 jou\u00e9es par de nombreux artistes de renom tels que Pierre Bleuse, Philippe Brocard, Alphonse Cemin, Jean Deroyer, le Quatuor Girard, Wolgang Kogert, Olivier Latry, David Molard, Thierry Maeder, Marie-Ange Nguci, Thomas Ospital, Maxime Pascal, Tobias Willi, \u2026<\/p>\n\n\n\n<p class=\"has-text-align-justify\">Applaudi en r\u00e9cital sur de nombreuses sc\u00e8nes aussi bien \u00e0 l\u2019\u00e9tranger qu\u2019en France, il est laur\u00e9at 2016 de la Fondation Banque Populaire. Nomm\u00e9 en mars 2018 organiste titulaire de la Cath\u00e9drale d\u2019Aix, il est \u00e9galement professeur de composition, orchestration et \u00e9criture au CRR d\u2019Avignon.<\/p>\n\n\n\n<p class=\"has-text-align-justify\">En 2020, il remporte le 1er prix du concours de composition de la cath\u00e9drale de Vienne (Autriche), et r\u00e9alise son premier enregistrement discographique en tant que compositeur et organiste. En 2021, l\u2019ensemble vocal Dulci Jubilo (dir. Christopher Gibert) enregistrera une monographie autour de ses \u0153uvres vocales, aux c\u00f4t\u00e9s de Thomas Ospital \u00e0 l\u2019orgue. L&rsquo;acad\u00e9mie des Beaux-Arts lui a d\u00e9cern\u00e9 cette ann\u00e9e le prix d&rsquo;encouragement en composition musicale.<\/p>\n","protected":false},"excerpt":{"rendered":"<p>C&rsquo;est Gr\u00e9goire ROLLAND qui ouvrira l&rsquo;ann\u00e9e 2023 \u00e0 l&rsquo;occasion d&rsquo;un concert d&rsquo;orgue encore in\u00e9dit \u00e0 la Cath\u00e9drale d&rsquo;Aix-en-Provence. A l&rsquo;occasion de ce nouveau programme No\u00ebls et Pastorales, l&rsquo;organiste titulaire de Saint-Sauveur jouera des oeuvres de C\u00e9sar Franck, J-S Bach et JF. Dandrieu. RDV Cath\u00e9drale Saint Sauveur, Aix-en-ProvenceDimanche 15 janvier \u00e0 17h &#8211; entr\u00e9e libre Compositeur &hellip; <\/p>\n","protected":false},"author":1,"featured_media":312,"comment_status":"open","ping_status":"open","sticky":false,"template":"","format":"standard","meta":{"spay_email":""},"categories":[3],"tags":[],"yoast_head":"<!-- This site is optimized with the Yoast SEO plugin v17.9 - https:\/\/yoast.com\/wordpress\/plugins\/seo\/ -->\n<title>Retro : Concert d&#039;Orgue - Musique Sacr\u00e9e<\/title>\n<meta name=\"robots\" content=\"index, follow, max-snippet:-1, max-image-preview:large, max-video-preview:-1\" \/>\n<link rel=\"canonical\" href=\"https:\/\/musique-sacree-aix.fr\/index.php\/2023\/01\/15\/concert-dorgue\/\" \/>\n<meta property=\"og:locale\" content=\"fr_FR\" \/>\n<meta property=\"og:type\" content=\"article\" \/>\n<meta property=\"og:title\" content=\"Retro : Concert d&#039;Orgue - Musique Sacr\u00e9e\" \/>\n<meta property=\"og:description\" content=\"C&rsquo;est Gr\u00e9goire ROLLAND qui ouvrira l&rsquo;ann\u00e9e 2023 \u00e0 l&rsquo;occasion d&rsquo;un concert d&rsquo;orgue encore in\u00e9dit \u00e0 la Cath\u00e9drale d&rsquo;Aix-en-Provence. A l&rsquo;occasion de ce nouveau programme No\u00ebls et Pastorales, l&rsquo;organiste titulaire de Saint-Sauveur jouera des oeuvres de C\u00e9sar Franck, J-S Bach et JF. Dandrieu. RDV Cath\u00e9drale Saint Sauveur, Aix-en-ProvenceDimanche 15 janvier \u00e0 17h &#8211; entr\u00e9e libre Compositeur &hellip;\" \/>\n<meta property=\"og:url\" content=\"https:\/\/musique-sacree-aix.fr\/index.php\/2023\/01\/15\/concert-dorgue\/\" \/>\n<meta property=\"og:site_name\" content=\"Musique Sacr\u00e9e\" \/>\n<meta property=\"article:publisher\" content=\"https:\/\/www.facebook.com\/musiquesacree.cathedraleaix\/\" \/>\n<meta property=\"article:published_time\" content=\"2023-01-14T23:16:15+00:00\" \/>\n<meta property=\"article:modified_time\" content=\"2023-02-12T13:29:41+00:00\" \/>\n<meta property=\"og:image\" content=\"https:\/\/musique-sacree-aix.fr\/wp-content\/uploads\/2021\/06\/IMGP2411116-scaled.jpg\" \/>\n\t<meta property=\"og:image:width\" content=\"2560\" \/>\n\t<meta property=\"og:image:height\" content=\"916\" \/>\n\t<meta property=\"og:image:type\" content=\"image\/jpeg\" \/>\n<meta name=\"twitter:card\" content=\"summary_large_image\" \/>\n<meta name=\"twitter:label1\" content=\"\u00c9crit par\" \/>\n\t<meta name=\"twitter:data1\" content=\"admin9269\" \/>\n\t<meta name=\"twitter:label2\" content=\"Dur\u00e9e de lecture estim\u00e9e\" \/>\n\t<meta name=\"twitter:data2\" content=\"2 minutes\" \/>\n<script type=\"application\/ld+json\" class=\"yoast-schema-graph\">{\"@context\":\"https:\/\/schema.org\",\"@graph\":[{\"@type\":\"Organization\",\"@id\":\"https:\/\/musique-sacree-aix.fr\/#organization\",\"name\":\"Musique Sacr\\u00e9e \\u00e0 la Cath\\u00e9drale d'Aix-en-Provence\",\"url\":\"https:\/\/musique-sacree-aix.fr\/\",\"sameAs\":[\"https:\/\/www.facebook.com\/musiquesacree.cathedraleaix\/\",\"https:\/\/www.youtube.com\/channel\/UC6PTCinXrlV6yM0dU4YTBww\"],\"logo\":{\"@type\":\"ImageObject\",\"@id\":\"https:\/\/musique-sacree-aix.fr\/#logo\",\"inLanguage\":\"fr-FR\",\"url\":\"https:\/\/musique-sacree-aix.fr\/wp-content\/uploads\/2020\/09\/HD-Logo-MSCA-couleur.png\",\"contentUrl\":\"https:\/\/musique-sacree-aix.fr\/wp-content\/uploads\/2020\/09\/HD-Logo-MSCA-couleur.png\",\"width\":2362,\"height\":2362,\"caption\":\"Musique Sacr\\u00e9e \\u00e0 la Cath\\u00e9drale d'Aix-en-Provence\"},\"image\":{\"@id\":\"https:\/\/musique-sacree-aix.fr\/#logo\"}},{\"@type\":\"WebSite\",\"@id\":\"https:\/\/musique-sacree-aix.fr\/#website\",\"url\":\"https:\/\/musique-sacree-aix.fr\/\",\"name\":\"Musique Sacr\\u00e9e Aix\",\"description\":\"\\u00e0 la Cath\\u00e9drale dAix-en-Provence\",\"publisher\":{\"@id\":\"https:\/\/musique-sacree-aix.fr\/#organization\"},\"potentialAction\":[{\"@type\":\"SearchAction\",\"target\":{\"@type\":\"EntryPoint\",\"urlTemplate\":\"https:\/\/musique-sacree-aix.fr\/?s={search_term_string}\"},\"query-input\":\"required name=search_term_string\"}],\"inLanguage\":\"fr-FR\"},{\"@type\":\"ImageObject\",\"@id\":\"https:\/\/musique-sacree-aix.fr\/index.php\/2023\/01\/15\/concert-dorgue\/#primaryimage\",\"inLanguage\":\"fr-FR\",\"url\":\"https:\/\/musique-sacree-aix.fr\/wp-content\/uploads\/2021\/06\/IMGP2411116-scaled.jpg\",\"contentUrl\":\"https:\/\/musique-sacree-aix.fr\/wp-content\/uploads\/2021\/06\/IMGP2411116-scaled.jpg\",\"width\":2560,\"height\":916},{\"@type\":\"WebPage\",\"@id\":\"https:\/\/musique-sacree-aix.fr\/index.php\/2023\/01\/15\/concert-dorgue\/#webpage\",\"url\":\"https:\/\/musique-sacree-aix.fr\/index.php\/2023\/01\/15\/concert-dorgue\/\",\"name\":\"Retro : Concert d'Orgue - Musique Sacr\\u00e9e\",\"isPartOf\":{\"@id\":\"https:\/\/musique-sacree-aix.fr\/#website\"},\"primaryImageOfPage\":{\"@id\":\"https:\/\/musique-sacree-aix.fr\/index.php\/2023\/01\/15\/concert-dorgue\/#primaryimage\"},\"datePublished\":\"2023-01-14T23:16:15+00:00\",\"dateModified\":\"2023-02-12T13:29:41+00:00\",\"breadcrumb\":{\"@id\":\"https:\/\/musique-sacree-aix.fr\/index.php\/2023\/01\/15\/concert-dorgue\/#breadcrumb\"},\"inLanguage\":\"fr-FR\",\"potentialAction\":[{\"@type\":\"ReadAction\",\"target\":[\"https:\/\/musique-sacree-aix.fr\/index.php\/2023\/01\/15\/concert-dorgue\/\"]}]},{\"@type\":\"BreadcrumbList\",\"@id\":\"https:\/\/musique-sacree-aix.fr\/index.php\/2023\/01\/15\/concert-dorgue\/#breadcrumb\",\"itemListElement\":[{\"@type\":\"ListItem\",\"position\":1,\"name\":\"Accueil\",\"item\":\"https:\/\/musique-sacree-aix.fr\/\"},{\"@type\":\"ListItem\",\"position\":2,\"name\":\"Retro : Concert d&rsquo;Orgue\"}]},{\"@type\":\"Article\",\"@id\":\"https:\/\/musique-sacree-aix.fr\/index.php\/2023\/01\/15\/concert-dorgue\/#article\",\"isPartOf\":{\"@id\":\"https:\/\/musique-sacree-aix.fr\/index.php\/2023\/01\/15\/concert-dorgue\/#webpage\"},\"author\":{\"@id\":\"https:\/\/musique-sacree-aix.fr\/#\/schema\/person\/7cdbe29794d7312fb598f3e2c366f86e\"},\"headline\":\"Retro : Concert d&rsquo;Orgue\",\"datePublished\":\"2023-01-14T23:16:15+00:00\",\"dateModified\":\"2023-02-12T13:29:41+00:00\",\"mainEntityOfPage\":{\"@id\":\"https:\/\/musique-sacree-aix.fr\/index.php\/2023\/01\/15\/concert-dorgue\/#webpage\"},\"wordCount\":376,\"commentCount\":0,\"publisher\":{\"@id\":\"https:\/\/musique-sacree-aix.fr\/#organization\"},\"image\":{\"@id\":\"https:\/\/musique-sacree-aix.fr\/index.php\/2023\/01\/15\/concert-dorgue\/#primaryimage\"},\"thumbnailUrl\":\"https:\/\/musique-sacree-aix.fr\/wp-content\/uploads\/2021\/06\/IMGP2411116-scaled.jpg\",\"articleSection\":[\"R\\u00e9trospectives\"],\"inLanguage\":\"fr-FR\",\"potentialAction\":[{\"@type\":\"CommentAction\",\"name\":\"Comment\",\"target\":[\"https:\/\/musique-sacree-aix.fr\/index.php\/2023\/01\/15\/concert-dorgue\/#respond\"]}]},{\"@type\":\"Person\",\"@id\":\"https:\/\/musique-sacree-aix.fr\/#\/schema\/person\/7cdbe29794d7312fb598f3e2c366f86e\",\"name\":\"admin9269\",\"image\":{\"@type\":\"ImageObject\",\"@id\":\"https:\/\/musique-sacree-aix.fr\/#personlogo\",\"inLanguage\":\"fr-FR\",\"url\":\"https:\/\/secure.gravatar.com\/avatar\/748892e064299dd0d3fd6f30c1cb9f41?s=96&d=mm&r=g\",\"contentUrl\":\"https:\/\/secure.gravatar.com\/avatar\/748892e064299dd0d3fd6f30c1cb9f41?s=96&d=mm&r=g\",\"caption\":\"admin9269\"},\"url\":\"https:\/\/musique-sacree-aix.fr\/index.php\/author\/admin9269\/\"}]}<\/script>\n<!-- \/ Yoast SEO plugin. -->","yoast_head_json":{"title":"Retro : Concert d'Orgue - Musique Sacr\u00e9e","robots":{"index":"index","follow":"follow","max-snippet":"max-snippet:-1","max-image-preview":"max-image-preview:large","max-video-preview":"max-video-preview:-1"},"canonical":"https:\/\/musique-sacree-aix.fr\/index.php\/2023\/01\/15\/concert-dorgue\/","og_locale":"fr_FR","og_type":"article","og_title":"Retro : Concert d'Orgue - Musique Sacr\u00e9e","og_description":"C&rsquo;est Gr\u00e9goire ROLLAND qui ouvrira l&rsquo;ann\u00e9e 2023 \u00e0 l&rsquo;occasion d&rsquo;un concert d&rsquo;orgue encore in\u00e9dit \u00e0 la Cath\u00e9drale d&rsquo;Aix-en-Provence. A l&rsquo;occasion de ce nouveau programme No\u00ebls et Pastorales, l&rsquo;organiste titulaire de Saint-Sauveur jouera des oeuvres de C\u00e9sar Franck, J-S Bach et JF. Dandrieu. RDV Cath\u00e9drale Saint Sauveur, Aix-en-ProvenceDimanche 15 janvier \u00e0 17h &#8211; entr\u00e9e libre Compositeur &hellip;","og_url":"https:\/\/musique-sacree-aix.fr\/index.php\/2023\/01\/15\/concert-dorgue\/","og_site_name":"Musique Sacr\u00e9e","article_publisher":"https:\/\/www.facebook.com\/musiquesacree.cathedraleaix\/","article_published_time":"2023-01-14T23:16:15+00:00","article_modified_time":"2023-02-12T13:29:41+00:00","og_image":[{"width":2560,"height":916,"url":"https:\/\/musique-sacree-aix.fr\/wp-content\/uploads\/2021\/06\/IMGP2411116-scaled.jpg","type":"image\/jpeg"}],"twitter_card":"summary_large_image","twitter_misc":{"\u00c9crit par":"admin9269","Dur\u00e9e de lecture estim\u00e9e":"2 minutes"},"schema":{"@context":"https:\/\/schema.org","@graph":[{"@type":"Organization","@id":"https:\/\/musique-sacree-aix.fr\/#organization","name":"Musique Sacr\u00e9e \u00e0 la Cath\u00e9drale d'Aix-en-Provence","url":"https:\/\/musique-sacree-aix.fr\/","sameAs":["https:\/\/www.facebook.com\/musiquesacree.cathedraleaix\/","https:\/\/www.youtube.com\/channel\/UC6PTCinXrlV6yM0dU4YTBww"],"logo":{"@type":"ImageObject","@id":"https:\/\/musique-sacree-aix.fr\/#logo","inLanguage":"fr-FR","url":"https:\/\/musique-sacree-aix.fr\/wp-content\/uploads\/2020\/09\/HD-Logo-MSCA-couleur.png","contentUrl":"https:\/\/musique-sacree-aix.fr\/wp-content\/uploads\/2020\/09\/HD-Logo-MSCA-couleur.png","width":2362,"height":2362,"caption":"Musique Sacr\u00e9e \u00e0 la Cath\u00e9drale d'Aix-en-Provence"},"image":{"@id":"https:\/\/musique-sacree-aix.fr\/#logo"}},{"@type":"WebSite","@id":"https:\/\/musique-sacree-aix.fr\/#website","url":"https:\/\/musique-sacree-aix.fr\/","name":"Musique Sacr\u00e9e Aix","description":"\u00e0 la Cath\u00e9drale dAix-en-Provence","publisher":{"@id":"https:\/\/musique-sacree-aix.fr\/#organization"},"potentialAction":[{"@type":"SearchAction","target":{"@type":"EntryPoint","urlTemplate":"https:\/\/musique-sacree-aix.fr\/?s={search_term_string}"},"query-input":"required name=search_term_string"}],"inLanguage":"fr-FR"},{"@type":"ImageObject","@id":"https:\/\/musique-sacree-aix.fr\/index.php\/2023\/01\/15\/concert-dorgue\/#primaryimage","inLanguage":"fr-FR","url":"https:\/\/musique-sacree-aix.fr\/wp-content\/uploads\/2021\/06\/IMGP2411116-scaled.jpg","contentUrl":"https:\/\/musique-sacree-aix.fr\/wp-content\/uploads\/2021\/06\/IMGP2411116-scaled.jpg","width":2560,"height":916},{"@type":"WebPage","@id":"https:\/\/musique-sacree-aix.fr\/index.php\/2023\/01\/15\/concert-dorgue\/#webpage","url":"https:\/\/musique-sacree-aix.fr\/index.php\/2023\/01\/15\/concert-dorgue\/","name":"Retro : Concert d'Orgue - Musique Sacr\u00e9e","isPartOf":{"@id":"https:\/\/musique-sacree-aix.fr\/#website"},"primaryImageOfPage":{"@id":"https:\/\/musique-sacree-aix.fr\/index.php\/2023\/01\/15\/concert-dorgue\/#primaryimage"},"datePublished":"2023-01-14T23:16:15+00:00","dateModified":"2023-02-12T13:29:41+00:00","breadcrumb":{"@id":"https:\/\/musique-sacree-aix.fr\/index.php\/2023\/01\/15\/concert-dorgue\/#breadcrumb"},"inLanguage":"fr-FR","potentialAction":[{"@type":"ReadAction","target":["https:\/\/musique-sacree-aix.fr\/index.php\/2023\/01\/15\/concert-dorgue\/"]}]},{"@type":"BreadcrumbList","@id":"https:\/\/musique-sacree-aix.fr\/index.php\/2023\/01\/15\/concert-dorgue\/#breadcrumb","itemListElement":[{"@type":"ListItem","position":1,"name":"Accueil","item":"https:\/\/musique-sacree-aix.fr\/"},{"@type":"ListItem","position":2,"name":"Retro : Concert d&rsquo;Orgue"}]},{"@type":"Article","@id":"https:\/\/musique-sacree-aix.fr\/index.php\/2023\/01\/15\/concert-dorgue\/#article","isPartOf":{"@id":"https:\/\/musique-sacree-aix.fr\/index.php\/2023\/01\/15\/concert-dorgue\/#webpage"},"author":{"@id":"https:\/\/musique-sacree-aix.fr\/#\/schema\/person\/7cdbe29794d7312fb598f3e2c366f86e"},"headline":"Retro : Concert d&rsquo;Orgue","datePublished":"2023-01-14T23:16:15+00:00","dateModified":"2023-02-12T13:29:41+00:00","mainEntityOfPage":{"@id":"https:\/\/musique-sacree-aix.fr\/index.php\/2023\/01\/15\/concert-dorgue\/#webpage"},"wordCount":376,"commentCount":0,"publisher":{"@id":"https:\/\/musique-sacree-aix.fr\/#organization"},"image":{"@id":"https:\/\/musique-sacree-aix.fr\/index.php\/2023\/01\/15\/concert-dorgue\/#primaryimage"},"thumbnailUrl":"https:\/\/musique-sacree-aix.fr\/wp-content\/uploads\/2021\/06\/IMGP2411116-scaled.jpg","articleSection":["R\u00e9trospectives"],"inLanguage":"fr-FR","potentialAction":[{"@type":"CommentAction","name":"Comment","target":["https:\/\/musique-sacree-aix.fr\/index.php\/2023\/01\/15\/concert-dorgue\/#respond"]}]},{"@type":"Person","@id":"https:\/\/musique-sacree-aix.fr\/#\/schema\/person\/7cdbe29794d7312fb598f3e2c366f86e","name":"admin9269","image":{"@type":"ImageObject","@id":"https:\/\/musique-sacree-aix.fr\/#personlogo","inLanguage":"fr-FR","url":"https:\/\/secure.gravatar.com\/avatar\/748892e064299dd0d3fd6f30c1cb9f41?s=96&d=mm&r=g","contentUrl":"https:\/\/secure.gravatar.com\/avatar\/748892e064299dd0d3fd6f30c1cb9f41?s=96&d=mm&r=g","caption":"admin9269"},"url":"https:\/\/musique-sacree-aix.fr\/index.php\/author\/admin9269\/"}]}},"jetpack_featured_media_url":"https:\/\/musique-sacree-aix.fr\/wp-content\/uploads\/2021\/06\/IMGP2411116-scaled.jpg","jetpack_sharing_enabled":true,"_links":{"self":[{"href":"https:\/\/musique-sacree-aix.fr\/index.php\/wp-json\/wp\/v2\/posts\/925"}],"collection":[{"href":"https:\/\/musique-sacree-aix.fr\/index.php\/wp-json\/wp\/v2\/posts"}],"about":[{"href":"https:\/\/musique-sacree-aix.fr\/index.php\/wp-json\/wp\/v2\/types\/post"}],"author":[{"embeddable":true,"href":"https:\/\/musique-sacree-aix.fr\/index.php\/wp-json\/wp\/v2\/users\/1"}],"replies":[{"embeddable":true,"href":"https:\/\/musique-sacree-aix.fr\/index.php\/wp-json\/wp\/v2\/comments?post=925"}],"version-history":[{"count":4,"href":"https:\/\/musique-sacree-aix.fr\/index.php\/wp-json\/wp\/v2\/posts\/925\/revisions"}],"predecessor-version":[{"id":931,"href":"https:\/\/musique-sacree-aix.fr\/index.php\/wp-json\/wp\/v2\/posts\/925\/revisions\/931"}],"wp:featuredmedia":[{"embeddable":true,"href":"https:\/\/musique-sacree-aix.fr\/index.php\/wp-json\/wp\/v2\/media\/312"}],"wp:attachment":[{"href":"https:\/\/musique-sacree-aix.fr\/index.php\/wp-json\/wp\/v2\/media?parent=925"}],"wp:term":[{"taxonomy":"category","embeddable":true,"href":"https:\/\/musique-sacree-aix.fr\/index.php\/wp-json\/wp\/v2\/categories?post=925"},{"taxonomy":"post_tag","embeddable":true,"href":"https:\/\/musique-sacree-aix.fr\/index.php\/wp-json\/wp\/v2\/tags?post=925"}],"curies":[{"name":"wp","href":"https:\/\/api.w.org\/{rel}","templated":true}]}}