{"id":640,"date":"2022-02-05T13:27:12","date_gmt":"2022-02-05T12:27:12","guid":{"rendered":"https:\/\/musique-sacree-aix.fr\/?p=640"},"modified":"2022-03-17T20:20:11","modified_gmt":"2022-03-17T19:20:11","slug":"tambourins-et-orgue","status":"publish","type":"post","link":"https:\/\/musique-sacree-aix.fr\/index.php\/2022\/02\/05\/tambourins-et-orgue\/","title":{"rendered":"R\u00e9tro : Tambourins et Orgue"},"content":{"rendered":"\n<h2 class=\"has-text-align-center\">Concert de Chandeleur<\/h2>\n\n\n\n<div style=\"height:25px\" aria-hidden=\"true\" class=\"wp-block-spacer\"><\/div>\n\n\n\n<h2 class=\"has-text-align-center\">Programme :<\/h2>\n\n\n\n<div class=\"wp-block-columns\">\n<div class=\"wp-block-column\">\n<p class=\"has-medium-font-size\"><strong>F. COUPERIN (1668-1733)<\/strong><br><\/p>\n<\/div>\n\n\n\n<div class=\"wp-block-column\">\n<p>Offertoire sur les grands jeux, extrait de la messe des Paroisses<\/p>\n<\/div>\n<\/div>\n\n\n\n<div class=\"wp-block-columns\">\n<div class=\"wp-block-column\">\n<p class=\"has-medium-font-size\"><strong>J.-C. NAUDOT (1690-1762)<\/strong><\/p>\n<\/div>\n\n\n\n<div class=\"wp-block-column\">\n<p>F\u00eate rustique III<\/p>\n<\/div>\n<\/div>\n\n\n\n<div class=\"wp-block-columns\">\n<div class=\"wp-block-column\">\n<p class=\"has-medium-font-size\"><strong>P. ARNAUD (18\u00e8me s.)<\/strong><\/p>\n<\/div>\n\n\n\n<div class=\"wp-block-column\">\n<p>S\u00e9r\u00e9nade &#8211; La chasse<\/p>\n<\/div>\n<\/div>\n\n\n\n<div class=\"wp-block-columns\">\n<div class=\"wp-block-column\">\n<p class=\"has-medium-font-size\"><strong>A. CHATEAUMINOIS (1744-1812)<\/strong><\/p>\n<\/div>\n\n\n\n<div class=\"wp-block-column\">\n<p>Les Folies d&rsquo;Espagne<\/p>\n<\/div>\n<\/div>\n\n\n\n<div class=\"wp-block-columns\">\n<div class=\"wp-block-column\">\n<p class=\"has-medium-font-size\"><strong>A. CHATEAUMINOIS (1744-1812)<\/strong><\/p>\n<\/div>\n\n\n\n<div class=\"wp-block-column\">\n<p>Sonate<\/p>\n<\/div>\n<\/div>\n\n\n\n<div class=\"wp-block-columns\">\n<div class=\"wp-block-column\">\n<p class=\"has-medium-font-size\"><strong>D. BUXTEHUDE (1637 &#8211; 1707)<\/strong><\/p>\n<\/div>\n\n\n\n<div class=\"wp-block-column\">\n<p>Chaconne en mi mineur<\/p>\n<\/div>\n<\/div>\n\n\n\n<div class=\"wp-block-columns\">\n<div class=\"wp-block-column\">\n<p class=\"has-medium-font-size\"><strong>J. HAYDN &#8211; W.A. MOZART<\/strong><\/p>\n<\/div>\n\n\n\n<div class=\"wp-block-column\">\n<p>Pi\u00e8ces pour pendule \u00e0 musique. Contredanses<\/p>\n<\/div>\n<\/div>\n\n\n\n<div class=\"wp-block-columns\">\n<div class=\"wp-block-column\">\n<p class=\"has-medium-font-size\"><strong>M. GUIS (1939-)<\/strong><\/p>\n<\/div>\n\n\n\n<div class=\"wp-block-column\">\n<p>Ungaresca<\/p>\n<\/div>\n<\/div>\n\n\n\n<div style=\"height:45px\" aria-hidden=\"true\" class=\"wp-block-spacer\"><\/div>\n\n\n\n<h3 class=\"has-text-align-center\">Biographies<\/h3>\n\n\n\n<div class=\"wp-block-media-text alignwide is-stacked-on-mobile\" style=\"grid-template-columns:25% auto\"><figure class=\"wp-block-media-text__media\"><img loading=\"lazy\" width=\"184\" height=\"274\" src=\"https:\/\/musique-sacree-aix.fr\/wp-content\/uploads\/2022\/02\/Maurice-GUIS.jpg\" alt=\"\" class=\"wp-image-643 size-full\"\/><\/figure><div class=\"wp-block-media-text__content\">\n<p class=\"has-drop-cap has-text-align-justify has-normal-font-size\">Maurice Guis a tout d\u2019abord fait des \u00e9tudes de piano au Conservatoire de Marseille.<br>Parall\u00e8lement il s\u2019est tr\u00e8s t\u00f4t int\u00e9ress\u00e9 aux instruments anciens et tout particuli\u00e8rement \u00e0 l\u2019instrument traditionnel de Provence, le galoubet-tambourin.<\/p>\n\n\n\n<p class=\"has-text-align-justify\">Il est le fondateur de l\u2019ensemble des Musiciens de Provence, qui s\u2019est consacr\u00e9 \u00e0 la musique du Moyen \u00c2ge et de la Renaissance, ainsi que du Concert Champ\u00eatre, ensemble baroque sp\u00e9cialis\u00e9 dans la musique fran\u00e7aise de caract\u00e8re pastoral. Il se produit \u00e9galement en soliste (galoubet-tambourin, vielle \u00e0 roue, psalt\u00e9rion).<br>Avec les Musiciens de Provence puis avec le Concert Champ\u00eatre il a r\u00e9alis\u00e9 de nombreux enregistrements consacr\u00e9s au r\u00e9pertoire du galoubet-tambourin.<\/p>\n<\/div><\/div>\n\n\n\n<p class=\"has-text-align-justify\">En 1993, il a fait para\u00eetre en collaboration avec Remi Venture et Thierry Lefran\u00e7ois une \u00e9tude sur l\u2019histoire, la lutherie, le r\u00e9pertoire du galoubet-tambourin \u201cLe galoubet-tambourin, instrument traditionnel de Provence\u201d (ed. Edisud).<\/p>\n\n\n\n<p class=\"has-text-align-justify\">Il a enseign\u00e9 le galoubet-tambourin au Conservatoire d\u2019Aix durant plus de trente ans et dirige, depuis 1989, l\u2019Acad\u00e9mie du Tambourin, ensemble orchestral de tambourinaires virtuoses.<\/p>\n\n\n\n<div style=\"height:100px\" aria-hidden=\"true\" class=\"wp-block-spacer\"><\/div>\n\n\n\n<div class=\"wp-block-media-text alignwide has-media-on-the-right is-stacked-on-mobile\"><figure class=\"wp-block-media-text__media\"><img loading=\"lazy\" width=\"1024\" height=\"646\" src=\"https:\/\/musique-sacree-aix.fr\/wp-content\/uploads\/2021\/06\/IMGP2538-1024x646.jpg\" alt=\"\" class=\"wp-image-369 size-full\" srcset=\"https:\/\/musique-sacree-aix.fr\/wp-content\/uploads\/2021\/06\/IMGP2538-1024x646.jpg 1024w, https:\/\/musique-sacree-aix.fr\/wp-content\/uploads\/2021\/06\/IMGP2538-300x189.jpg 300w, https:\/\/musique-sacree-aix.fr\/wp-content\/uploads\/2021\/06\/IMGP2538-768x484.jpg 768w, https:\/\/musique-sacree-aix.fr\/wp-content\/uploads\/2021\/06\/IMGP2538-1536x969.jpg 1536w, https:\/\/musique-sacree-aix.fr\/wp-content\/uploads\/2021\/06\/IMGP2538-2048x1292.jpg 2048w\" sizes=\"(max-width: 1024px) 100vw, 1024px\" \/><\/figure><div class=\"wp-block-media-text__content\">\n<p class=\"has-drop-cap has-text-align-justify has-normal-font-size\">Compositeur et organiste, Gr\u00e9goire Rolland a obtenu un Master d\u2019\u00e9criture, un prix d\u2019analyse, un Master d\u2019orgue et un prix d\u2019orchestration au Conservatoire National Sup\u00e9rieur de Musique de Paris. Il est par ailleurs titulaire d\u2019un Master de composition de la Haute \u00c9cole de Musique de Gen\u00e8ve et d\u2019une licence de musique et musicologie de la Sorbonne.<\/p>\n<\/div><\/div>\n\n\n\n<p class=\"has-text-align-justify\">Il re\u00e7oit plusieurs prix de composition aux concours de composition de Saint-Bertrand de Comminges, d\u2019Evreux, de la Fondation De Lacour, de l\u2019orchestre de Caen. De nombreuses institutions lui passent commande telles que Musique Sacr\u00e9e \u00e0 Notre-Dame de Paris, la Fondation de Lacour, le Ch\u0153ur et l\u2019Orchestre de la Cit\u00e9 Internationale Universitaire de Paris, le festival Les Tr\u00e8s riches heures de l\u2019orgue en Berry, Toulouse les Orgues, Radio France, l\u2019Abbaye de Sylvan\u00e8s ou le festival La B\u00e2tie de Gen\u00e8ve. Ses \u0153uvres ont \u00e9t\u00e9 jou\u00e9es par de nombreux artistes de renom tels que Pierre Bleuse, Philippe Brocard, Alphonse Cemin, Jean Deroyer, le Quatuor Girard, Wolgang Kogert, Olivier Latry, David Molard, Thierry Maeder, Marie-Ange Nguci, Thomas Ospital, Maxime Pascal, Tobias Willi, \u2026<\/p>\n\n\n\n<p class=\"has-text-align-justify\">Applaudi en r\u00e9cital sur de nombreuses sc\u00e8nes aussi bien \u00e0 l\u2019\u00e9tranger qu\u2019en France, il est laur\u00e9at 2016 de la Fondation Banque Populaire. Nomm\u00e9 en mars 2018 organiste titulaire de la Cath\u00e9drale d\u2019Aix, il est \u00e9galement professeur de composition, orchestration et \u00e9criture au CRR d\u2019Avignon.<\/p>\n\n\n\n<p class=\"has-text-align-justify\">En 2020, il remporte le 1er prix du concours de composition de la cath\u00e9drale de Vienne (Autriche), et r\u00e9alise son premier enregistrement discographique en tant que compositeur et organiste. En 2021, l\u2019ensemble vocal Dulci Jubilo (dir. Christopher Gibert) enregistrera une monographie autour de ses \u0153uvres vocales, aux c\u00f4t\u00e9s de Thomas Ospital \u00e0 l\u2019orgue. L&rsquo;acad\u00e9mie des Beaux-Arts lui a d\u00e9cern\u00e9 cette ann\u00e9e le prix d&rsquo;encouragement en composition musicale.<\/p>\n","protected":false},"excerpt":{"rendered":"<p>Concert de Chandeleur Programme : F. COUPERIN (1668-1733) Offertoire sur les grands jeux, extrait de la messe des Paroisses J.-C. NAUDOT (1690-1762) F\u00eate rustique III P. ARNAUD (18\u00e8me s.) S\u00e9r\u00e9nade &#8211; La chasse A. CHATEAUMINOIS (1744-1812) Les Folies d&rsquo;Espagne A. CHATEAUMINOIS (1744-1812) Sonate D. BUXTEHUDE (1637 &#8211; 1707) Chaconne en mi mineur J. HAYDN &#8211; &hellip; <\/p>\n","protected":false},"author":1,"featured_media":646,"comment_status":"closed","ping_status":"closed","sticky":false,"template":"","format":"standard","meta":{"spay_email":""},"categories":[3],"tags":[],"yoast_head":"<!-- This site is optimized with the Yoast SEO plugin v17.9 - https:\/\/yoast.com\/wordpress\/plugins\/seo\/ -->\n<title>R\u00e9tro : Tambourins et Orgue - Musique Sacr\u00e9e<\/title>\n<meta name=\"robots\" content=\"index, follow, max-snippet:-1, max-image-preview:large, max-video-preview:-1\" \/>\n<link rel=\"canonical\" href=\"https:\/\/musique-sacree-aix.fr\/index.php\/2022\/02\/05\/tambourins-et-orgue\/\" \/>\n<meta property=\"og:locale\" content=\"fr_FR\" \/>\n<meta property=\"og:type\" content=\"article\" \/>\n<meta property=\"og:title\" content=\"R\u00e9tro : Tambourins et Orgue - Musique Sacr\u00e9e\" \/>\n<meta property=\"og:description\" content=\"Concert de Chandeleur Programme : F. COUPERIN (1668-1733) Offertoire sur les grands jeux, extrait de la messe des Paroisses J.-C. NAUDOT (1690-1762) F\u00eate rustique III P. ARNAUD (18\u00e8me s.) S\u00e9r\u00e9nade &#8211; La chasse A. CHATEAUMINOIS (1744-1812) Les Folies d&rsquo;Espagne A. CHATEAUMINOIS (1744-1812) Sonate D. BUXTEHUDE (1637 &#8211; 1707) Chaconne en mi mineur J. HAYDN &#8211; &hellip;\" \/>\n<meta property=\"og:url\" content=\"https:\/\/musique-sacree-aix.fr\/index.php\/2022\/02\/05\/tambourins-et-orgue\/\" \/>\n<meta property=\"og:site_name\" content=\"Musique Sacr\u00e9e\" \/>\n<meta property=\"article:publisher\" content=\"https:\/\/www.facebook.com\/musiquesacree.cathedraleaix\/\" \/>\n<meta property=\"article:published_time\" content=\"2022-02-05T12:27:12+00:00\" \/>\n<meta property=\"article:modified_time\" content=\"2022-03-17T19:20:11+00:00\" \/>\n<meta property=\"og:image\" content=\"https:\/\/musique-sacree-aix.fr\/wp-content\/uploads\/2022\/02\/Banniere-Galoubet-Orgue.jpg\" \/>\n\t<meta property=\"og:image:width\" content=\"2100\" \/>\n\t<meta property=\"og:image:height\" content=\"1000\" \/>\n\t<meta property=\"og:image:type\" content=\"image\/jpeg\" \/>\n<meta name=\"twitter:card\" content=\"summary_large_image\" \/>\n<meta name=\"twitter:label1\" content=\"\u00c9crit par\" \/>\n\t<meta name=\"twitter:data1\" content=\"admin9269\" \/>\n\t<meta name=\"twitter:label2\" content=\"Dur\u00e9e de lecture estim\u00e9e\" \/>\n\t<meta name=\"twitter:data2\" content=\"4 minutes\" \/>\n<script type=\"application\/ld+json\" class=\"yoast-schema-graph\">{\"@context\":\"https:\/\/schema.org\",\"@graph\":[{\"@type\":\"Organization\",\"@id\":\"https:\/\/musique-sacree-aix.fr\/#organization\",\"name\":\"Musique Sacr\\u00e9e \\u00e0 la Cath\\u00e9drale d'Aix-en-Provence\",\"url\":\"https:\/\/musique-sacree-aix.fr\/\",\"sameAs\":[\"https:\/\/www.facebook.com\/musiquesacree.cathedraleaix\/\",\"https:\/\/www.youtube.com\/channel\/UC6PTCinXrlV6yM0dU4YTBww\"],\"logo\":{\"@type\":\"ImageObject\",\"@id\":\"https:\/\/musique-sacree-aix.fr\/#logo\",\"inLanguage\":\"fr-FR\",\"url\":\"https:\/\/musique-sacree-aix.fr\/wp-content\/uploads\/2020\/09\/HD-Logo-MSCA-couleur.png\",\"contentUrl\":\"https:\/\/musique-sacree-aix.fr\/wp-content\/uploads\/2020\/09\/HD-Logo-MSCA-couleur.png\",\"width\":2362,\"height\":2362,\"caption\":\"Musique Sacr\\u00e9e \\u00e0 la Cath\\u00e9drale d'Aix-en-Provence\"},\"image\":{\"@id\":\"https:\/\/musique-sacree-aix.fr\/#logo\"}},{\"@type\":\"WebSite\",\"@id\":\"https:\/\/musique-sacree-aix.fr\/#website\",\"url\":\"https:\/\/musique-sacree-aix.fr\/\",\"name\":\"Musique Sacr\\u00e9e Aix\",\"description\":\"\\u00e0 la Cath\\u00e9drale dAix-en-Provence\",\"publisher\":{\"@id\":\"https:\/\/musique-sacree-aix.fr\/#organization\"},\"potentialAction\":[{\"@type\":\"SearchAction\",\"target\":{\"@type\":\"EntryPoint\",\"urlTemplate\":\"https:\/\/musique-sacree-aix.fr\/?s={search_term_string}\"},\"query-input\":\"required name=search_term_string\"}],\"inLanguage\":\"fr-FR\"},{\"@type\":\"ImageObject\",\"@id\":\"https:\/\/musique-sacree-aix.fr\/index.php\/2022\/02\/05\/tambourins-et-orgue\/#primaryimage\",\"inLanguage\":\"fr-FR\",\"url\":\"https:\/\/musique-sacree-aix.fr\/wp-content\/uploads\/2022\/02\/Banniere-Galoubet-Orgue.jpg\",\"contentUrl\":\"https:\/\/musique-sacree-aix.fr\/wp-content\/uploads\/2022\/02\/Banniere-Galoubet-Orgue.jpg\",\"width\":2100,\"height\":1000},{\"@type\":\"WebPage\",\"@id\":\"https:\/\/musique-sacree-aix.fr\/index.php\/2022\/02\/05\/tambourins-et-orgue\/#webpage\",\"url\":\"https:\/\/musique-sacree-aix.fr\/index.php\/2022\/02\/05\/tambourins-et-orgue\/\",\"name\":\"R\\u00e9tro : Tambourins et Orgue - Musique Sacr\\u00e9e\",\"isPartOf\":{\"@id\":\"https:\/\/musique-sacree-aix.fr\/#website\"},\"primaryImageOfPage\":{\"@id\":\"https:\/\/musique-sacree-aix.fr\/index.php\/2022\/02\/05\/tambourins-et-orgue\/#primaryimage\"},\"datePublished\":\"2022-02-05T12:27:12+00:00\",\"dateModified\":\"2022-03-17T19:20:11+00:00\",\"breadcrumb\":{\"@id\":\"https:\/\/musique-sacree-aix.fr\/index.php\/2022\/02\/05\/tambourins-et-orgue\/#breadcrumb\"},\"inLanguage\":\"fr-FR\",\"potentialAction\":[{\"@type\":\"ReadAction\",\"target\":[\"https:\/\/musique-sacree-aix.fr\/index.php\/2022\/02\/05\/tambourins-et-orgue\/\"]}]},{\"@type\":\"BreadcrumbList\",\"@id\":\"https:\/\/musique-sacree-aix.fr\/index.php\/2022\/02\/05\/tambourins-et-orgue\/#breadcrumb\",\"itemListElement\":[{\"@type\":\"ListItem\",\"position\":1,\"name\":\"Accueil\",\"item\":\"https:\/\/musique-sacree-aix.fr\/\"},{\"@type\":\"ListItem\",\"position\":2,\"name\":\"R\\u00e9tro : Tambourins et Orgue\"}]},{\"@type\":\"Article\",\"@id\":\"https:\/\/musique-sacree-aix.fr\/index.php\/2022\/02\/05\/tambourins-et-orgue\/#article\",\"isPartOf\":{\"@id\":\"https:\/\/musique-sacree-aix.fr\/index.php\/2022\/02\/05\/tambourins-et-orgue\/#webpage\"},\"author\":{\"@id\":\"https:\/\/musique-sacree-aix.fr\/#\/schema\/person\/7cdbe29794d7312fb598f3e2c366f86e\"},\"headline\":\"R\\u00e9tro : Tambourins et Orgue\",\"datePublished\":\"2022-02-05T12:27:12+00:00\",\"dateModified\":\"2022-03-17T19:20:11+00:00\",\"mainEntityOfPage\":{\"@id\":\"https:\/\/musique-sacree-aix.fr\/index.php\/2022\/02\/05\/tambourins-et-orgue\/#webpage\"},\"wordCount\":572,\"publisher\":{\"@id\":\"https:\/\/musique-sacree-aix.fr\/#organization\"},\"image\":{\"@id\":\"https:\/\/musique-sacree-aix.fr\/index.php\/2022\/02\/05\/tambourins-et-orgue\/#primaryimage\"},\"thumbnailUrl\":\"https:\/\/musique-sacree-aix.fr\/wp-content\/uploads\/2022\/02\/Banniere-Galoubet-Orgue.jpg\",\"articleSection\":[\"R\\u00e9trospectives\"],\"inLanguage\":\"fr-FR\"},{\"@type\":\"Person\",\"@id\":\"https:\/\/musique-sacree-aix.fr\/#\/schema\/person\/7cdbe29794d7312fb598f3e2c366f86e\",\"name\":\"admin9269\",\"image\":{\"@type\":\"ImageObject\",\"@id\":\"https:\/\/musique-sacree-aix.fr\/#personlogo\",\"inLanguage\":\"fr-FR\",\"url\":\"https:\/\/secure.gravatar.com\/avatar\/748892e064299dd0d3fd6f30c1cb9f41?s=96&d=mm&r=g\",\"contentUrl\":\"https:\/\/secure.gravatar.com\/avatar\/748892e064299dd0d3fd6f30c1cb9f41?s=96&d=mm&r=g\",\"caption\":\"admin9269\"},\"url\":\"https:\/\/musique-sacree-aix.fr\/index.php\/author\/admin9269\/\"}]}<\/script>\n<!-- \/ Yoast SEO plugin. -->","yoast_head_json":{"title":"R\u00e9tro : Tambourins et Orgue - Musique Sacr\u00e9e","robots":{"index":"index","follow":"follow","max-snippet":"max-snippet:-1","max-image-preview":"max-image-preview:large","max-video-preview":"max-video-preview:-1"},"canonical":"https:\/\/musique-sacree-aix.fr\/index.php\/2022\/02\/05\/tambourins-et-orgue\/","og_locale":"fr_FR","og_type":"article","og_title":"R\u00e9tro : Tambourins et Orgue - Musique Sacr\u00e9e","og_description":"Concert de Chandeleur Programme : F. COUPERIN (1668-1733) Offertoire sur les grands jeux, extrait de la messe des Paroisses J.-C. NAUDOT (1690-1762) F\u00eate rustique III P. ARNAUD (18\u00e8me s.) S\u00e9r\u00e9nade &#8211; La chasse A. CHATEAUMINOIS (1744-1812) Les Folies d&rsquo;Espagne A. CHATEAUMINOIS (1744-1812) Sonate D. BUXTEHUDE (1637 &#8211; 1707) Chaconne en mi mineur J. HAYDN &#8211; &hellip;","og_url":"https:\/\/musique-sacree-aix.fr\/index.php\/2022\/02\/05\/tambourins-et-orgue\/","og_site_name":"Musique Sacr\u00e9e","article_publisher":"https:\/\/www.facebook.com\/musiquesacree.cathedraleaix\/","article_published_time":"2022-02-05T12:27:12+00:00","article_modified_time":"2022-03-17T19:20:11+00:00","og_image":[{"width":2100,"height":1000,"url":"https:\/\/musique-sacree-aix.fr\/wp-content\/uploads\/2022\/02\/Banniere-Galoubet-Orgue.jpg","type":"image\/jpeg"}],"twitter_card":"summary_large_image","twitter_misc":{"\u00c9crit par":"admin9269","Dur\u00e9e de lecture estim\u00e9e":"4 minutes"},"schema":{"@context":"https:\/\/schema.org","@graph":[{"@type":"Organization","@id":"https:\/\/musique-sacree-aix.fr\/#organization","name":"Musique Sacr\u00e9e \u00e0 la Cath\u00e9drale d'Aix-en-Provence","url":"https:\/\/musique-sacree-aix.fr\/","sameAs":["https:\/\/www.facebook.com\/musiquesacree.cathedraleaix\/","https:\/\/www.youtube.com\/channel\/UC6PTCinXrlV6yM0dU4YTBww"],"logo":{"@type":"ImageObject","@id":"https:\/\/musique-sacree-aix.fr\/#logo","inLanguage":"fr-FR","url":"https:\/\/musique-sacree-aix.fr\/wp-content\/uploads\/2020\/09\/HD-Logo-MSCA-couleur.png","contentUrl":"https:\/\/musique-sacree-aix.fr\/wp-content\/uploads\/2020\/09\/HD-Logo-MSCA-couleur.png","width":2362,"height":2362,"caption":"Musique Sacr\u00e9e \u00e0 la Cath\u00e9drale d'Aix-en-Provence"},"image":{"@id":"https:\/\/musique-sacree-aix.fr\/#logo"}},{"@type":"WebSite","@id":"https:\/\/musique-sacree-aix.fr\/#website","url":"https:\/\/musique-sacree-aix.fr\/","name":"Musique Sacr\u00e9e Aix","description":"\u00e0 la Cath\u00e9drale dAix-en-Provence","publisher":{"@id":"https:\/\/musique-sacree-aix.fr\/#organization"},"potentialAction":[{"@type":"SearchAction","target":{"@type":"EntryPoint","urlTemplate":"https:\/\/musique-sacree-aix.fr\/?s={search_term_string}"},"query-input":"required name=search_term_string"}],"inLanguage":"fr-FR"},{"@type":"ImageObject","@id":"https:\/\/musique-sacree-aix.fr\/index.php\/2022\/02\/05\/tambourins-et-orgue\/#primaryimage","inLanguage":"fr-FR","url":"https:\/\/musique-sacree-aix.fr\/wp-content\/uploads\/2022\/02\/Banniere-Galoubet-Orgue.jpg","contentUrl":"https:\/\/musique-sacree-aix.fr\/wp-content\/uploads\/2022\/02\/Banniere-Galoubet-Orgue.jpg","width":2100,"height":1000},{"@type":"WebPage","@id":"https:\/\/musique-sacree-aix.fr\/index.php\/2022\/02\/05\/tambourins-et-orgue\/#webpage","url":"https:\/\/musique-sacree-aix.fr\/index.php\/2022\/02\/05\/tambourins-et-orgue\/","name":"R\u00e9tro : Tambourins et Orgue - Musique Sacr\u00e9e","isPartOf":{"@id":"https:\/\/musique-sacree-aix.fr\/#website"},"primaryImageOfPage":{"@id":"https:\/\/musique-sacree-aix.fr\/index.php\/2022\/02\/05\/tambourins-et-orgue\/#primaryimage"},"datePublished":"2022-02-05T12:27:12+00:00","dateModified":"2022-03-17T19:20:11+00:00","breadcrumb":{"@id":"https:\/\/musique-sacree-aix.fr\/index.php\/2022\/02\/05\/tambourins-et-orgue\/#breadcrumb"},"inLanguage":"fr-FR","potentialAction":[{"@type":"ReadAction","target":["https:\/\/musique-sacree-aix.fr\/index.php\/2022\/02\/05\/tambourins-et-orgue\/"]}]},{"@type":"BreadcrumbList","@id":"https:\/\/musique-sacree-aix.fr\/index.php\/2022\/02\/05\/tambourins-et-orgue\/#breadcrumb","itemListElement":[{"@type":"ListItem","position":1,"name":"Accueil","item":"https:\/\/musique-sacree-aix.fr\/"},{"@type":"ListItem","position":2,"name":"R\u00e9tro : Tambourins et Orgue"}]},{"@type":"Article","@id":"https:\/\/musique-sacree-aix.fr\/index.php\/2022\/02\/05\/tambourins-et-orgue\/#article","isPartOf":{"@id":"https:\/\/musique-sacree-aix.fr\/index.php\/2022\/02\/05\/tambourins-et-orgue\/#webpage"},"author":{"@id":"https:\/\/musique-sacree-aix.fr\/#\/schema\/person\/7cdbe29794d7312fb598f3e2c366f86e"},"headline":"R\u00e9tro : Tambourins et Orgue","datePublished":"2022-02-05T12:27:12+00:00","dateModified":"2022-03-17T19:20:11+00:00","mainEntityOfPage":{"@id":"https:\/\/musique-sacree-aix.fr\/index.php\/2022\/02\/05\/tambourins-et-orgue\/#webpage"},"wordCount":572,"publisher":{"@id":"https:\/\/musique-sacree-aix.fr\/#organization"},"image":{"@id":"https:\/\/musique-sacree-aix.fr\/index.php\/2022\/02\/05\/tambourins-et-orgue\/#primaryimage"},"thumbnailUrl":"https:\/\/musique-sacree-aix.fr\/wp-content\/uploads\/2022\/02\/Banniere-Galoubet-Orgue.jpg","articleSection":["R\u00e9trospectives"],"inLanguage":"fr-FR"},{"@type":"Person","@id":"https:\/\/musique-sacree-aix.fr\/#\/schema\/person\/7cdbe29794d7312fb598f3e2c366f86e","name":"admin9269","image":{"@type":"ImageObject","@id":"https:\/\/musique-sacree-aix.fr\/#personlogo","inLanguage":"fr-FR","url":"https:\/\/secure.gravatar.com\/avatar\/748892e064299dd0d3fd6f30c1cb9f41?s=96&d=mm&r=g","contentUrl":"https:\/\/secure.gravatar.com\/avatar\/748892e064299dd0d3fd6f30c1cb9f41?s=96&d=mm&r=g","caption":"admin9269"},"url":"https:\/\/musique-sacree-aix.fr\/index.php\/author\/admin9269\/"}]}},"jetpack_featured_media_url":"https:\/\/musique-sacree-aix.fr\/wp-content\/uploads\/2022\/02\/Banniere-Galoubet-Orgue.jpg","jetpack_sharing_enabled":true,"_links":{"self":[{"href":"https:\/\/musique-sacree-aix.fr\/index.php\/wp-json\/wp\/v2\/posts\/640"}],"collection":[{"href":"https:\/\/musique-sacree-aix.fr\/index.php\/wp-json\/wp\/v2\/posts"}],"about":[{"href":"https:\/\/musique-sacree-aix.fr\/index.php\/wp-json\/wp\/v2\/types\/post"}],"author":[{"embeddable":true,"href":"https:\/\/musique-sacree-aix.fr\/index.php\/wp-json\/wp\/v2\/users\/1"}],"replies":[{"embeddable":true,"href":"https:\/\/musique-sacree-aix.fr\/index.php\/wp-json\/wp\/v2\/comments?post=640"}],"version-history":[{"count":9,"href":"https:\/\/musique-sacree-aix.fr\/index.php\/wp-json\/wp\/v2\/posts\/640\/revisions"}],"predecessor-version":[{"id":1108,"href":"https:\/\/musique-sacree-aix.fr\/index.php\/wp-json\/wp\/v2\/posts\/640\/revisions\/1108"}],"wp:featuredmedia":[{"embeddable":true,"href":"https:\/\/musique-sacree-aix.fr\/index.php\/wp-json\/wp\/v2\/media\/646"}],"wp:attachment":[{"href":"https:\/\/musique-sacree-aix.fr\/index.php\/wp-json\/wp\/v2\/media?parent=640"}],"wp:term":[{"taxonomy":"category","embeddable":true,"href":"https:\/\/musique-sacree-aix.fr\/index.php\/wp-json\/wp\/v2\/categories?post=640"},{"taxonomy":"post_tag","embeddable":true,"href":"https:\/\/musique-sacree-aix.fr\/index.php\/wp-json\/wp\/v2\/tags?post=640"}],"curies":[{"name":"wp","href":"https:\/\/api.w.org\/{rel}","templated":true}]}}