{"id":498,"date":"2021-09-11T16:30:08","date_gmt":"2021-09-11T14:30:08","guid":{"rendered":"https:\/\/musique-sacree-aix.fr\/?p=498"},"modified":"2021-11-21T23:46:12","modified_gmt":"2021-11-21T22:46:12","slug":"retro-olivier-latry-a-aix-en-provence","status":"publish","type":"post","link":"https:\/\/musique-sacree-aix.fr\/index.php\/2021\/09\/11\/retro-olivier-latry-a-aix-en-provence\/","title":{"rendered":"R\u00e9tro : Olivier LATRY \u00e0 Aix-en-Provence"},"content":{"rendered":"\n<p>Olivier LATRY, organiste titulaire \u00e0 la Cath\u00e9drale Notre-Dame de Paris, \u00e0 r\u00e9pondu \u00e0 notre invitation pour venir cl\u00f4turer notre saison de concerts 2020-2021. <\/p>\n\n\n\n<p>Si la virtuosit\u00e9 de cet artiste n&rsquo;est plus \u00e0 d\u00e9montrer, nous avons eu la chance d&rsquo;entendre sonner l&rsquo;orgue de la Cath\u00e9drale d&rsquo;Aix-en-Provence, sur un registre pour le moins inhabituel dans cet \u00e9difice. <\/p>\n\n\n\n<p> <\/p>\n","protected":false},"excerpt":{"rendered":"<p>Olivier LATRY, organiste titulaire \u00e0 la Cath\u00e9drale Notre-Dame de Paris, \u00e0 r\u00e9pondu \u00e0 notre invitation pour venir cl\u00f4turer notre saison de concerts 2020-2021. Si la virtuosit\u00e9 de cet artiste n&rsquo;est plus \u00e0 d\u00e9montrer, nous avons eu la chance d&rsquo;entendre sonner l&rsquo;orgue de la Cath\u00e9drale d&rsquo;Aix-en-Provence, sur un registre pour le moins inhabituel dans cet \u00e9difice.<\/p>\n","protected":false},"author":1,"featured_media":500,"comment_status":"closed","ping_status":"closed","sticky":false,"template":"","format":"standard","meta":{"spay_email":""},"categories":[3],"tags":[],"yoast_head":"<!-- This site is optimized with the Yoast SEO plugin v17.9 - https:\/\/yoast.com\/wordpress\/plugins\/seo\/ -->\n<title>R\u00e9tro : Olivier LATRY \u00e0 Aix-en-Provence - Musique Sacr\u00e9e<\/title>\n<meta name=\"robots\" content=\"index, follow, max-snippet:-1, max-image-preview:large, max-video-preview:-1\" \/>\n<link rel=\"canonical\" href=\"https:\/\/musique-sacree-aix.fr\/index.php\/2021\/09\/11\/retro-olivier-latry-a-aix-en-provence\/\" \/>\n<meta property=\"og:locale\" content=\"fr_FR\" \/>\n<meta property=\"og:type\" content=\"article\" \/>\n<meta property=\"og:title\" content=\"R\u00e9tro : Olivier LATRY \u00e0 Aix-en-Provence - Musique Sacr\u00e9e\" \/>\n<meta property=\"og:description\" content=\"Olivier LATRY, organiste titulaire \u00e0 la Cath\u00e9drale Notre-Dame de Paris, \u00e0 r\u00e9pondu \u00e0 notre invitation pour venir cl\u00f4turer notre saison de concerts 2020-2021. Si la virtuosit\u00e9 de cet artiste n&rsquo;est plus \u00e0 d\u00e9montrer, nous avons eu la chance d&rsquo;entendre sonner l&rsquo;orgue de la Cath\u00e9drale d&rsquo;Aix-en-Provence, sur un registre pour le moins inhabituel dans cet \u00e9difice.\" \/>\n<meta property=\"og:url\" content=\"https:\/\/musique-sacree-aix.fr\/index.php\/2021\/09\/11\/retro-olivier-latry-a-aix-en-provence\/\" \/>\n<meta property=\"og:site_name\" content=\"Musique Sacr\u00e9e\" \/>\n<meta property=\"article:publisher\" content=\"https:\/\/www.facebook.com\/musiquesacree.cathedraleaix\/\" \/>\n<meta property=\"article:published_time\" content=\"2021-09-11T14:30:08+00:00\" \/>\n<meta property=\"article:modified_time\" content=\"2021-11-21T22:46:12+00:00\" \/>\n<meta property=\"og:image\" content=\"https:\/\/musique-sacree-aix.fr\/wp-content\/uploads\/2021\/09\/IMG_0940-scaled.jpg\" \/>\n\t<meta property=\"og:image:width\" content=\"2560\" \/>\n\t<meta property=\"og:image:height\" content=\"682\" \/>\n\t<meta property=\"og:image:type\" content=\"image\/jpeg\" \/>\n<meta name=\"twitter:card\" content=\"summary_large_image\" \/>\n<meta name=\"twitter:label1\" content=\"\u00c9crit par\" \/>\n\t<meta name=\"twitter:data1\" content=\"admin9269\" \/>\n\t<meta name=\"twitter:label2\" content=\"Dur\u00e9e de lecture estim\u00e9e\" \/>\n\t<meta name=\"twitter:data2\" content=\"1 minute\" \/>\n<script type=\"application\/ld+json\" class=\"yoast-schema-graph\">{\"@context\":\"https:\/\/schema.org\",\"@graph\":[{\"@type\":\"Organization\",\"@id\":\"https:\/\/musique-sacree-aix.fr\/#organization\",\"name\":\"Musique Sacr\\u00e9e \\u00e0 la Cath\\u00e9drale d'Aix-en-Provence\",\"url\":\"https:\/\/musique-sacree-aix.fr\/\",\"sameAs\":[\"https:\/\/www.facebook.com\/musiquesacree.cathedraleaix\/\",\"https:\/\/www.youtube.com\/channel\/UC6PTCinXrlV6yM0dU4YTBww\"],\"logo\":{\"@type\":\"ImageObject\",\"@id\":\"https:\/\/musique-sacree-aix.fr\/#logo\",\"inLanguage\":\"fr-FR\",\"url\":\"https:\/\/musique-sacree-aix.fr\/wp-content\/uploads\/2020\/09\/HD-Logo-MSCA-couleur.png\",\"contentUrl\":\"https:\/\/musique-sacree-aix.fr\/wp-content\/uploads\/2020\/09\/HD-Logo-MSCA-couleur.png\",\"width\":2362,\"height\":2362,\"caption\":\"Musique Sacr\\u00e9e \\u00e0 la Cath\\u00e9drale d'Aix-en-Provence\"},\"image\":{\"@id\":\"https:\/\/musique-sacree-aix.fr\/#logo\"}},{\"@type\":\"WebSite\",\"@id\":\"https:\/\/musique-sacree-aix.fr\/#website\",\"url\":\"https:\/\/musique-sacree-aix.fr\/\",\"name\":\"Musique Sacr\\u00e9e Aix\",\"description\":\"\\u00e0 la Cath\\u00e9drale dAix-en-Provence\",\"publisher\":{\"@id\":\"https:\/\/musique-sacree-aix.fr\/#organization\"},\"potentialAction\":[{\"@type\":\"SearchAction\",\"target\":{\"@type\":\"EntryPoint\",\"urlTemplate\":\"https:\/\/musique-sacree-aix.fr\/?s={search_term_string}\"},\"query-input\":\"required name=search_term_string\"}],\"inLanguage\":\"fr-FR\"},{\"@type\":\"ImageObject\",\"@id\":\"https:\/\/musique-sacree-aix.fr\/index.php\/2021\/09\/11\/retro-olivier-latry-a-aix-en-provence\/#primaryimage\",\"inLanguage\":\"fr-FR\",\"url\":\"https:\/\/musique-sacree-aix.fr\/wp-content\/uploads\/2021\/09\/IMG_0940-scaled.jpg\",\"contentUrl\":\"https:\/\/musique-sacree-aix.fr\/wp-content\/uploads\/2021\/09\/IMG_0940-scaled.jpg\",\"width\":2560,\"height\":682},{\"@type\":\"WebPage\",\"@id\":\"https:\/\/musique-sacree-aix.fr\/index.php\/2021\/09\/11\/retro-olivier-latry-a-aix-en-provence\/#webpage\",\"url\":\"https:\/\/musique-sacree-aix.fr\/index.php\/2021\/09\/11\/retro-olivier-latry-a-aix-en-provence\/\",\"name\":\"R\\u00e9tro : Olivier LATRY \\u00e0 Aix-en-Provence - Musique Sacr\\u00e9e\",\"isPartOf\":{\"@id\":\"https:\/\/musique-sacree-aix.fr\/#website\"},\"primaryImageOfPage\":{\"@id\":\"https:\/\/musique-sacree-aix.fr\/index.php\/2021\/09\/11\/retro-olivier-latry-a-aix-en-provence\/#primaryimage\"},\"datePublished\":\"2021-09-11T14:30:08+00:00\",\"dateModified\":\"2021-11-21T22:46:12+00:00\",\"breadcrumb\":{\"@id\":\"https:\/\/musique-sacree-aix.fr\/index.php\/2021\/09\/11\/retro-olivier-latry-a-aix-en-provence\/#breadcrumb\"},\"inLanguage\":\"fr-FR\",\"potentialAction\":[{\"@type\":\"ReadAction\",\"target\":[\"https:\/\/musique-sacree-aix.fr\/index.php\/2021\/09\/11\/retro-olivier-latry-a-aix-en-provence\/\"]}]},{\"@type\":\"BreadcrumbList\",\"@id\":\"https:\/\/musique-sacree-aix.fr\/index.php\/2021\/09\/11\/retro-olivier-latry-a-aix-en-provence\/#breadcrumb\",\"itemListElement\":[{\"@type\":\"ListItem\",\"position\":1,\"name\":\"Accueil\",\"item\":\"https:\/\/musique-sacree-aix.fr\/\"},{\"@type\":\"ListItem\",\"position\":2,\"name\":\"R\\u00e9tro : Olivier LATRY \\u00e0 Aix-en-Provence\"}]},{\"@type\":\"Article\",\"@id\":\"https:\/\/musique-sacree-aix.fr\/index.php\/2021\/09\/11\/retro-olivier-latry-a-aix-en-provence\/#article\",\"isPartOf\":{\"@id\":\"https:\/\/musique-sacree-aix.fr\/index.php\/2021\/09\/11\/retro-olivier-latry-a-aix-en-provence\/#webpage\"},\"author\":{\"@id\":\"https:\/\/musique-sacree-aix.fr\/#\/schema\/person\/7cdbe29794d7312fb598f3e2c366f86e\"},\"headline\":\"R\\u00e9tro : Olivier LATRY \\u00e0 Aix-en-Provence\",\"datePublished\":\"2021-09-11T14:30:08+00:00\",\"dateModified\":\"2021-11-21T22:46:12+00:00\",\"mainEntityOfPage\":{\"@id\":\"https:\/\/musique-sacree-aix.fr\/index.php\/2021\/09\/11\/retro-olivier-latry-a-aix-en-provence\/#webpage\"},\"wordCount\":61,\"publisher\":{\"@id\":\"https:\/\/musique-sacree-aix.fr\/#organization\"},\"image\":{\"@id\":\"https:\/\/musique-sacree-aix.fr\/index.php\/2021\/09\/11\/retro-olivier-latry-a-aix-en-provence\/#primaryimage\"},\"thumbnailUrl\":\"https:\/\/musique-sacree-aix.fr\/wp-content\/uploads\/2021\/09\/IMG_0940-scaled.jpg\",\"articleSection\":[\"R\\u00e9trospectives\"],\"inLanguage\":\"fr-FR\"},{\"@type\":\"Person\",\"@id\":\"https:\/\/musique-sacree-aix.fr\/#\/schema\/person\/7cdbe29794d7312fb598f3e2c366f86e\",\"name\":\"admin9269\",\"image\":{\"@type\":\"ImageObject\",\"@id\":\"https:\/\/musique-sacree-aix.fr\/#personlogo\",\"inLanguage\":\"fr-FR\",\"url\":\"https:\/\/secure.gravatar.com\/avatar\/748892e064299dd0d3fd6f30c1cb9f41?s=96&d=mm&r=g\",\"contentUrl\":\"https:\/\/secure.gravatar.com\/avatar\/748892e064299dd0d3fd6f30c1cb9f41?s=96&d=mm&r=g\",\"caption\":\"admin9269\"},\"url\":\"https:\/\/musique-sacree-aix.fr\/index.php\/author\/admin9269\/\"}]}<\/script>\n<!-- \/ Yoast SEO plugin. -->","yoast_head_json":{"title":"R\u00e9tro : Olivier LATRY \u00e0 Aix-en-Provence - Musique Sacr\u00e9e","robots":{"index":"index","follow":"follow","max-snippet":"max-snippet:-1","max-image-preview":"max-image-preview:large","max-video-preview":"max-video-preview:-1"},"canonical":"https:\/\/musique-sacree-aix.fr\/index.php\/2021\/09\/11\/retro-olivier-latry-a-aix-en-provence\/","og_locale":"fr_FR","og_type":"article","og_title":"R\u00e9tro : Olivier LATRY \u00e0 Aix-en-Provence - Musique Sacr\u00e9e","og_description":"Olivier LATRY, organiste titulaire \u00e0 la Cath\u00e9drale Notre-Dame de Paris, \u00e0 r\u00e9pondu \u00e0 notre invitation pour venir cl\u00f4turer notre saison de concerts 2020-2021. Si la virtuosit\u00e9 de cet artiste n&rsquo;est plus \u00e0 d\u00e9montrer, nous avons eu la chance d&rsquo;entendre sonner l&rsquo;orgue de la Cath\u00e9drale d&rsquo;Aix-en-Provence, sur un registre pour le moins inhabituel dans cet \u00e9difice.","og_url":"https:\/\/musique-sacree-aix.fr\/index.php\/2021\/09\/11\/retro-olivier-latry-a-aix-en-provence\/","og_site_name":"Musique Sacr\u00e9e","article_publisher":"https:\/\/www.facebook.com\/musiquesacree.cathedraleaix\/","article_published_time":"2021-09-11T14:30:08+00:00","article_modified_time":"2021-11-21T22:46:12+00:00","og_image":[{"width":2560,"height":682,"url":"https:\/\/musique-sacree-aix.fr\/wp-content\/uploads\/2021\/09\/IMG_0940-scaled.jpg","type":"image\/jpeg"}],"twitter_card":"summary_large_image","twitter_misc":{"\u00c9crit par":"admin9269","Dur\u00e9e de lecture estim\u00e9e":"1 minute"},"schema":{"@context":"https:\/\/schema.org","@graph":[{"@type":"Organization","@id":"https:\/\/musique-sacree-aix.fr\/#organization","name":"Musique Sacr\u00e9e \u00e0 la Cath\u00e9drale d'Aix-en-Provence","url":"https:\/\/musique-sacree-aix.fr\/","sameAs":["https:\/\/www.facebook.com\/musiquesacree.cathedraleaix\/","https:\/\/www.youtube.com\/channel\/UC6PTCinXrlV6yM0dU4YTBww"],"logo":{"@type":"ImageObject","@id":"https:\/\/musique-sacree-aix.fr\/#logo","inLanguage":"fr-FR","url":"https:\/\/musique-sacree-aix.fr\/wp-content\/uploads\/2020\/09\/HD-Logo-MSCA-couleur.png","contentUrl":"https:\/\/musique-sacree-aix.fr\/wp-content\/uploads\/2020\/09\/HD-Logo-MSCA-couleur.png","width":2362,"height":2362,"caption":"Musique Sacr\u00e9e \u00e0 la Cath\u00e9drale d'Aix-en-Provence"},"image":{"@id":"https:\/\/musique-sacree-aix.fr\/#logo"}},{"@type":"WebSite","@id":"https:\/\/musique-sacree-aix.fr\/#website","url":"https:\/\/musique-sacree-aix.fr\/","name":"Musique Sacr\u00e9e Aix","description":"\u00e0 la Cath\u00e9drale dAix-en-Provence","publisher":{"@id":"https:\/\/musique-sacree-aix.fr\/#organization"},"potentialAction":[{"@type":"SearchAction","target":{"@type":"EntryPoint","urlTemplate":"https:\/\/musique-sacree-aix.fr\/?s={search_term_string}"},"query-input":"required name=search_term_string"}],"inLanguage":"fr-FR"},{"@type":"ImageObject","@id":"https:\/\/musique-sacree-aix.fr\/index.php\/2021\/09\/11\/retro-olivier-latry-a-aix-en-provence\/#primaryimage","inLanguage":"fr-FR","url":"https:\/\/musique-sacree-aix.fr\/wp-content\/uploads\/2021\/09\/IMG_0940-scaled.jpg","contentUrl":"https:\/\/musique-sacree-aix.fr\/wp-content\/uploads\/2021\/09\/IMG_0940-scaled.jpg","width":2560,"height":682},{"@type":"WebPage","@id":"https:\/\/musique-sacree-aix.fr\/index.php\/2021\/09\/11\/retro-olivier-latry-a-aix-en-provence\/#webpage","url":"https:\/\/musique-sacree-aix.fr\/index.php\/2021\/09\/11\/retro-olivier-latry-a-aix-en-provence\/","name":"R\u00e9tro : Olivier LATRY \u00e0 Aix-en-Provence - Musique Sacr\u00e9e","isPartOf":{"@id":"https:\/\/musique-sacree-aix.fr\/#website"},"primaryImageOfPage":{"@id":"https:\/\/musique-sacree-aix.fr\/index.php\/2021\/09\/11\/retro-olivier-latry-a-aix-en-provence\/#primaryimage"},"datePublished":"2021-09-11T14:30:08+00:00","dateModified":"2021-11-21T22:46:12+00:00","breadcrumb":{"@id":"https:\/\/musique-sacree-aix.fr\/index.php\/2021\/09\/11\/retro-olivier-latry-a-aix-en-provence\/#breadcrumb"},"inLanguage":"fr-FR","potentialAction":[{"@type":"ReadAction","target":["https:\/\/musique-sacree-aix.fr\/index.php\/2021\/09\/11\/retro-olivier-latry-a-aix-en-provence\/"]}]},{"@type":"BreadcrumbList","@id":"https:\/\/musique-sacree-aix.fr\/index.php\/2021\/09\/11\/retro-olivier-latry-a-aix-en-provence\/#breadcrumb","itemListElement":[{"@type":"ListItem","position":1,"name":"Accueil","item":"https:\/\/musique-sacree-aix.fr\/"},{"@type":"ListItem","position":2,"name":"R\u00e9tro : Olivier LATRY \u00e0 Aix-en-Provence"}]},{"@type":"Article","@id":"https:\/\/musique-sacree-aix.fr\/index.php\/2021\/09\/11\/retro-olivier-latry-a-aix-en-provence\/#article","isPartOf":{"@id":"https:\/\/musique-sacree-aix.fr\/index.php\/2021\/09\/11\/retro-olivier-latry-a-aix-en-provence\/#webpage"},"author":{"@id":"https:\/\/musique-sacree-aix.fr\/#\/schema\/person\/7cdbe29794d7312fb598f3e2c366f86e"},"headline":"R\u00e9tro : Olivier LATRY \u00e0 Aix-en-Provence","datePublished":"2021-09-11T14:30:08+00:00","dateModified":"2021-11-21T22:46:12+00:00","mainEntityOfPage":{"@id":"https:\/\/musique-sacree-aix.fr\/index.php\/2021\/09\/11\/retro-olivier-latry-a-aix-en-provence\/#webpage"},"wordCount":61,"publisher":{"@id":"https:\/\/musique-sacree-aix.fr\/#organization"},"image":{"@id":"https:\/\/musique-sacree-aix.fr\/index.php\/2021\/09\/11\/retro-olivier-latry-a-aix-en-provence\/#primaryimage"},"thumbnailUrl":"https:\/\/musique-sacree-aix.fr\/wp-content\/uploads\/2021\/09\/IMG_0940-scaled.jpg","articleSection":["R\u00e9trospectives"],"inLanguage":"fr-FR"},{"@type":"Person","@id":"https:\/\/musique-sacree-aix.fr\/#\/schema\/person\/7cdbe29794d7312fb598f3e2c366f86e","name":"admin9269","image":{"@type":"ImageObject","@id":"https:\/\/musique-sacree-aix.fr\/#personlogo","inLanguage":"fr-FR","url":"https:\/\/secure.gravatar.com\/avatar\/748892e064299dd0d3fd6f30c1cb9f41?s=96&d=mm&r=g","contentUrl":"https:\/\/secure.gravatar.com\/avatar\/748892e064299dd0d3fd6f30c1cb9f41?s=96&d=mm&r=g","caption":"admin9269"},"url":"https:\/\/musique-sacree-aix.fr\/index.php\/author\/admin9269\/"}]}},"jetpack_featured_media_url":"https:\/\/musique-sacree-aix.fr\/wp-content\/uploads\/2021\/09\/IMG_0940-scaled.jpg","jetpack_sharing_enabled":true,"_links":{"self":[{"href":"https:\/\/musique-sacree-aix.fr\/index.php\/wp-json\/wp\/v2\/posts\/498"}],"collection":[{"href":"https:\/\/musique-sacree-aix.fr\/index.php\/wp-json\/wp\/v2\/posts"}],"about":[{"href":"https:\/\/musique-sacree-aix.fr\/index.php\/wp-json\/wp\/v2\/types\/post"}],"author":[{"embeddable":true,"href":"https:\/\/musique-sacree-aix.fr\/index.php\/wp-json\/wp\/v2\/users\/1"}],"replies":[{"embeddable":true,"href":"https:\/\/musique-sacree-aix.fr\/index.php\/wp-json\/wp\/v2\/comments?post=498"}],"version-history":[{"count":1,"href":"https:\/\/musique-sacree-aix.fr\/index.php\/wp-json\/wp\/v2\/posts\/498\/revisions"}],"predecessor-version":[{"id":499,"href":"https:\/\/musique-sacree-aix.fr\/index.php\/wp-json\/wp\/v2\/posts\/498\/revisions\/499"}],"wp:featuredmedia":[{"embeddable":true,"href":"https:\/\/musique-sacree-aix.fr\/index.php\/wp-json\/wp\/v2\/media\/500"}],"wp:attachment":[{"href":"https:\/\/musique-sacree-aix.fr\/index.php\/wp-json\/wp\/v2\/media?parent=498"}],"wp:term":[{"taxonomy":"category","embeddable":true,"href":"https:\/\/musique-sacree-aix.fr\/index.php\/wp-json\/wp\/v2\/categories?post=498"},{"taxonomy":"post_tag","embeddable":true,"href":"https:\/\/musique-sacree-aix.fr\/index.php\/wp-json\/wp\/v2\/tags?post=498"}],"curies":[{"name":"wp","href":"https:\/\/api.w.org\/{rel}","templated":true}]}}