{"id":272,"date":"2020-12-22T00:27:06","date_gmt":"2020-12-21T23:27:06","guid":{"rendered":"http:\/\/musique-sacree-aix.fr\/?p=272"},"modified":"2021-11-21T22:56:36","modified_gmt":"2021-11-21T21:56:36","slug":"sortie-cd-les-sacrements","status":"publish","type":"post","link":"https:\/\/musique-sacree-aix.fr\/index.php\/2020\/12\/22\/sortie-cd-les-sacrements\/","title":{"rendered":"Sortie CD : Les Sacrements"},"content":{"rendered":"\n<p>Samedi 10 Octobre \u00e0 la Basilique Sainte Clotilde de Paris sera donn\u00e9 un concert de pr\u00e9sentation du disque \u00ab\u00a0Les Sacrements\u00a0\u00bb, enregistr\u00e9 par Gr\u00e9goire Rolland et le Choeur Gr\u00e9gorien de la Cath\u00e9drale d&rsquo;Aix-en-Provence ! Cette cr\u00e9ation sur le th\u00e8me des sept sacrements m\u00eale chants gr\u00e9goriens traditionnels et interludes pour orgue compos\u00e9s par Gr\u00e9goire Rolland. Un bijou que vous aviez pu d\u00e9couvrir en f\u00e9vrier dernier \u00e0 la Cath\u00e9drale d&rsquo;Aix-en-Provence.<\/p>\n\n\n\n<hr class=\"wp-block-separator\"\/>\n\n\n\n<figure class=\"wp-block-image size-large\"><img loading=\"lazy\" width=\"720\" height=\"540\" src=\"https:\/\/musique-sacree-aix.fr\/wp-content\/uploads\/2020\/12\/121274307_3888001201213562_2827152504560367706_n.jpg\" alt=\"\" class=\"wp-image-138\" srcset=\"https:\/\/musique-sacree-aix.fr\/wp-content\/uploads\/2020\/12\/121274307_3888001201213562_2827152504560367706_n.jpg 720w, https:\/\/musique-sacree-aix.fr\/wp-content\/uploads\/2020\/12\/121274307_3888001201213562_2827152504560367706_n-300x225.jpg 300w\" sizes=\"(max-width: 720px) 100vw, 720px\" \/><\/figure>\n","protected":false},"excerpt":{"rendered":"<p>Samedi 10 Octobre \u00e0 la Basilique Sainte Clotilde de Paris sera donn\u00e9 un concert de pr\u00e9sentation du disque \u00ab\u00a0Les Sacrements\u00a0\u00bb, enregistr\u00e9 par Gr\u00e9goire Rolland et le Choeur Gr\u00e9gorien de la Cath\u00e9drale d&rsquo;Aix-en-Provence ! Cette cr\u00e9ation sur le th\u00e8me des sept sacrements m\u00eale chants gr\u00e9goriens traditionnels et interludes pour orgue compos\u00e9s par Gr\u00e9goire Rolland. Un bijou &hellip; <\/p>\n","protected":false},"author":1,"featured_media":277,"comment_status":"open","ping_status":"open","sticky":false,"template":"","format":"standard","meta":{"spay_email":""},"categories":[4],"tags":[],"yoast_head":"<!-- This site is optimized with the Yoast SEO plugin v17.9 - https:\/\/yoast.com\/wordpress\/plugins\/seo\/ -->\n<title>Sortie CD : Les Sacrements - Musique Sacr\u00e9e<\/title>\n<meta name=\"robots\" content=\"index, follow, max-snippet:-1, max-image-preview:large, max-video-preview:-1\" \/>\n<link rel=\"canonical\" href=\"https:\/\/musique-sacree-aix.fr\/index.php\/2020\/12\/22\/sortie-cd-les-sacrements\/\" \/>\n<meta property=\"og:locale\" content=\"fr_FR\" \/>\n<meta property=\"og:type\" content=\"article\" \/>\n<meta property=\"og:title\" content=\"Sortie CD : Les Sacrements - Musique Sacr\u00e9e\" \/>\n<meta property=\"og:description\" content=\"Samedi 10 Octobre \u00e0 la Basilique Sainte Clotilde de Paris sera donn\u00e9 un concert de pr\u00e9sentation du disque \u00ab\u00a0Les Sacrements\u00a0\u00bb, enregistr\u00e9 par Gr\u00e9goire Rolland et le Choeur Gr\u00e9gorien de la Cath\u00e9drale d&rsquo;Aix-en-Provence ! Cette cr\u00e9ation sur le th\u00e8me des sept sacrements m\u00eale chants gr\u00e9goriens traditionnels et interludes pour orgue compos\u00e9s par Gr\u00e9goire Rolland. Un bijou &hellip;\" \/>\n<meta property=\"og:url\" content=\"https:\/\/musique-sacree-aix.fr\/index.php\/2020\/12\/22\/sortie-cd-les-sacrements\/\" \/>\n<meta property=\"og:site_name\" content=\"Musique Sacr\u00e9e\" \/>\n<meta property=\"article:publisher\" content=\"https:\/\/www.facebook.com\/musiquesacree.cathedraleaix\/\" \/>\n<meta property=\"article:published_time\" content=\"2020-12-21T23:27:06+00:00\" \/>\n<meta property=\"article:modified_time\" content=\"2021-11-21T21:56:36+00:00\" \/>\n<meta property=\"og:image\" content=\"https:\/\/musique-sacree-aix.fr\/wp-content\/uploads\/2020\/12\/Concert-Ste-Clotilde.jpg\" \/>\n\t<meta property=\"og:image:width\" content=\"2100\" \/>\n\t<meta property=\"og:image:height\" content=\"1000\" \/>\n\t<meta property=\"og:image:type\" content=\"image\/jpeg\" \/>\n<meta name=\"twitter:card\" content=\"summary_large_image\" \/>\n<meta name=\"twitter:label1\" content=\"\u00c9crit par\" \/>\n\t<meta name=\"twitter:data1\" content=\"admin9269\" \/>\n\t<meta name=\"twitter:label2\" content=\"Dur\u00e9e de lecture estim\u00e9e\" \/>\n\t<meta name=\"twitter:data2\" content=\"1 minute\" \/>\n<script type=\"application\/ld+json\" class=\"yoast-schema-graph\">{\"@context\":\"https:\/\/schema.org\",\"@graph\":[{\"@type\":\"Organization\",\"@id\":\"https:\/\/musique-sacree-aix.fr\/#organization\",\"name\":\"Musique Sacr\\u00e9e \\u00e0 la Cath\\u00e9drale d'Aix-en-Provence\",\"url\":\"https:\/\/musique-sacree-aix.fr\/\",\"sameAs\":[\"https:\/\/www.facebook.com\/musiquesacree.cathedraleaix\/\",\"https:\/\/www.youtube.com\/channel\/UC6PTCinXrlV6yM0dU4YTBww\"],\"logo\":{\"@type\":\"ImageObject\",\"@id\":\"https:\/\/musique-sacree-aix.fr\/#logo\",\"inLanguage\":\"fr-FR\",\"url\":\"https:\/\/musique-sacree-aix.fr\/wp-content\/uploads\/2020\/09\/HD-Logo-MSCA-couleur.png\",\"contentUrl\":\"https:\/\/musique-sacree-aix.fr\/wp-content\/uploads\/2020\/09\/HD-Logo-MSCA-couleur.png\",\"width\":2362,\"height\":2362,\"caption\":\"Musique Sacr\\u00e9e \\u00e0 la Cath\\u00e9drale d'Aix-en-Provence\"},\"image\":{\"@id\":\"https:\/\/musique-sacree-aix.fr\/#logo\"}},{\"@type\":\"WebSite\",\"@id\":\"https:\/\/musique-sacree-aix.fr\/#website\",\"url\":\"https:\/\/musique-sacree-aix.fr\/\",\"name\":\"Musique Sacr\\u00e9e Aix\",\"description\":\"\\u00e0 la Cath\\u00e9drale dAix-en-Provence\",\"publisher\":{\"@id\":\"https:\/\/musique-sacree-aix.fr\/#organization\"},\"potentialAction\":[{\"@type\":\"SearchAction\",\"target\":{\"@type\":\"EntryPoint\",\"urlTemplate\":\"https:\/\/musique-sacree-aix.fr\/?s={search_term_string}\"},\"query-input\":\"required name=search_term_string\"}],\"inLanguage\":\"fr-FR\"},{\"@type\":\"ImageObject\",\"@id\":\"https:\/\/musique-sacree-aix.fr\/index.php\/2020\/12\/22\/sortie-cd-les-sacrements\/#primaryimage\",\"inLanguage\":\"fr-FR\",\"url\":\"https:\/\/musique-sacree-aix.fr\/wp-content\/uploads\/2020\/12\/Concert-Ste-Clotilde.jpg\",\"contentUrl\":\"https:\/\/musique-sacree-aix.fr\/wp-content\/uploads\/2020\/12\/Concert-Ste-Clotilde.jpg\",\"width\":2100,\"height\":1000},{\"@type\":\"WebPage\",\"@id\":\"https:\/\/musique-sacree-aix.fr\/index.php\/2020\/12\/22\/sortie-cd-les-sacrements\/#webpage\",\"url\":\"https:\/\/musique-sacree-aix.fr\/index.php\/2020\/12\/22\/sortie-cd-les-sacrements\/\",\"name\":\"Sortie CD : Les Sacrements - Musique Sacr\\u00e9e\",\"isPartOf\":{\"@id\":\"https:\/\/musique-sacree-aix.fr\/#website\"},\"primaryImageOfPage\":{\"@id\":\"https:\/\/musique-sacree-aix.fr\/index.php\/2020\/12\/22\/sortie-cd-les-sacrements\/#primaryimage\"},\"datePublished\":\"2020-12-21T23:27:06+00:00\",\"dateModified\":\"2021-11-21T21:56:36+00:00\",\"breadcrumb\":{\"@id\":\"https:\/\/musique-sacree-aix.fr\/index.php\/2020\/12\/22\/sortie-cd-les-sacrements\/#breadcrumb\"},\"inLanguage\":\"fr-FR\",\"potentialAction\":[{\"@type\":\"ReadAction\",\"target\":[\"https:\/\/musique-sacree-aix.fr\/index.php\/2020\/12\/22\/sortie-cd-les-sacrements\/\"]}]},{\"@type\":\"BreadcrumbList\",\"@id\":\"https:\/\/musique-sacree-aix.fr\/index.php\/2020\/12\/22\/sortie-cd-les-sacrements\/#breadcrumb\",\"itemListElement\":[{\"@type\":\"ListItem\",\"position\":1,\"name\":\"Accueil\",\"item\":\"https:\/\/musique-sacree-aix.fr\/\"},{\"@type\":\"ListItem\",\"position\":2,\"name\":\"Sortie CD : Les Sacrements\"}]},{\"@type\":\"Article\",\"@id\":\"https:\/\/musique-sacree-aix.fr\/index.php\/2020\/12\/22\/sortie-cd-les-sacrements\/#article\",\"isPartOf\":{\"@id\":\"https:\/\/musique-sacree-aix.fr\/index.php\/2020\/12\/22\/sortie-cd-les-sacrements\/#webpage\"},\"author\":{\"@id\":\"https:\/\/musique-sacree-aix.fr\/#\/schema\/person\/7cdbe29794d7312fb598f3e2c366f86e\"},\"headline\":\"Sortie CD : Les Sacrements\",\"datePublished\":\"2020-12-21T23:27:06+00:00\",\"dateModified\":\"2021-11-21T21:56:36+00:00\",\"mainEntityOfPage\":{\"@id\":\"https:\/\/musique-sacree-aix.fr\/index.php\/2020\/12\/22\/sortie-cd-les-sacrements\/#webpage\"},\"wordCount\":80,\"commentCount\":0,\"publisher\":{\"@id\":\"https:\/\/musique-sacree-aix.fr\/#organization\"},\"image\":{\"@id\":\"https:\/\/musique-sacree-aix.fr\/index.php\/2020\/12\/22\/sortie-cd-les-sacrements\/#primaryimage\"},\"thumbnailUrl\":\"https:\/\/musique-sacree-aix.fr\/wp-content\/uploads\/2020\/12\/Concert-Ste-Clotilde.jpg\",\"articleSection\":[\"Actualit\\u00e9s\"],\"inLanguage\":\"fr-FR\",\"potentialAction\":[{\"@type\":\"CommentAction\",\"name\":\"Comment\",\"target\":[\"https:\/\/musique-sacree-aix.fr\/index.php\/2020\/12\/22\/sortie-cd-les-sacrements\/#respond\"]}]},{\"@type\":\"Person\",\"@id\":\"https:\/\/musique-sacree-aix.fr\/#\/schema\/person\/7cdbe29794d7312fb598f3e2c366f86e\",\"name\":\"admin9269\",\"image\":{\"@type\":\"ImageObject\",\"@id\":\"https:\/\/musique-sacree-aix.fr\/#personlogo\",\"inLanguage\":\"fr-FR\",\"url\":\"https:\/\/secure.gravatar.com\/avatar\/748892e064299dd0d3fd6f30c1cb9f41?s=96&d=mm&r=g\",\"contentUrl\":\"https:\/\/secure.gravatar.com\/avatar\/748892e064299dd0d3fd6f30c1cb9f41?s=96&d=mm&r=g\",\"caption\":\"admin9269\"},\"url\":\"https:\/\/musique-sacree-aix.fr\/index.php\/author\/admin9269\/\"}]}<\/script>\n<!-- \/ Yoast SEO plugin. -->","yoast_head_json":{"title":"Sortie CD : Les Sacrements - Musique Sacr\u00e9e","robots":{"index":"index","follow":"follow","max-snippet":"max-snippet:-1","max-image-preview":"max-image-preview:large","max-video-preview":"max-video-preview:-1"},"canonical":"https:\/\/musique-sacree-aix.fr\/index.php\/2020\/12\/22\/sortie-cd-les-sacrements\/","og_locale":"fr_FR","og_type":"article","og_title":"Sortie CD : Les Sacrements - Musique Sacr\u00e9e","og_description":"Samedi 10 Octobre \u00e0 la Basilique Sainte Clotilde de Paris sera donn\u00e9 un concert de pr\u00e9sentation du disque \u00ab\u00a0Les Sacrements\u00a0\u00bb, enregistr\u00e9 par Gr\u00e9goire Rolland et le Choeur Gr\u00e9gorien de la Cath\u00e9drale d&rsquo;Aix-en-Provence ! Cette cr\u00e9ation sur le th\u00e8me des sept sacrements m\u00eale chants gr\u00e9goriens traditionnels et interludes pour orgue compos\u00e9s par Gr\u00e9goire Rolland. Un bijou &hellip;","og_url":"https:\/\/musique-sacree-aix.fr\/index.php\/2020\/12\/22\/sortie-cd-les-sacrements\/","og_site_name":"Musique Sacr\u00e9e","article_publisher":"https:\/\/www.facebook.com\/musiquesacree.cathedraleaix\/","article_published_time":"2020-12-21T23:27:06+00:00","article_modified_time":"2021-11-21T21:56:36+00:00","og_image":[{"width":2100,"height":1000,"url":"https:\/\/musique-sacree-aix.fr\/wp-content\/uploads\/2020\/12\/Concert-Ste-Clotilde.jpg","type":"image\/jpeg"}],"twitter_card":"summary_large_image","twitter_misc":{"\u00c9crit par":"admin9269","Dur\u00e9e de lecture estim\u00e9e":"1 minute"},"schema":{"@context":"https:\/\/schema.org","@graph":[{"@type":"Organization","@id":"https:\/\/musique-sacree-aix.fr\/#organization","name":"Musique Sacr\u00e9e \u00e0 la Cath\u00e9drale d'Aix-en-Provence","url":"https:\/\/musique-sacree-aix.fr\/","sameAs":["https:\/\/www.facebook.com\/musiquesacree.cathedraleaix\/","https:\/\/www.youtube.com\/channel\/UC6PTCinXrlV6yM0dU4YTBww"],"logo":{"@type":"ImageObject","@id":"https:\/\/musique-sacree-aix.fr\/#logo","inLanguage":"fr-FR","url":"https:\/\/musique-sacree-aix.fr\/wp-content\/uploads\/2020\/09\/HD-Logo-MSCA-couleur.png","contentUrl":"https:\/\/musique-sacree-aix.fr\/wp-content\/uploads\/2020\/09\/HD-Logo-MSCA-couleur.png","width":2362,"height":2362,"caption":"Musique Sacr\u00e9e \u00e0 la Cath\u00e9drale d'Aix-en-Provence"},"image":{"@id":"https:\/\/musique-sacree-aix.fr\/#logo"}},{"@type":"WebSite","@id":"https:\/\/musique-sacree-aix.fr\/#website","url":"https:\/\/musique-sacree-aix.fr\/","name":"Musique Sacr\u00e9e Aix","description":"\u00e0 la Cath\u00e9drale dAix-en-Provence","publisher":{"@id":"https:\/\/musique-sacree-aix.fr\/#organization"},"potentialAction":[{"@type":"SearchAction","target":{"@type":"EntryPoint","urlTemplate":"https:\/\/musique-sacree-aix.fr\/?s={search_term_string}"},"query-input":"required name=search_term_string"}],"inLanguage":"fr-FR"},{"@type":"ImageObject","@id":"https:\/\/musique-sacree-aix.fr\/index.php\/2020\/12\/22\/sortie-cd-les-sacrements\/#primaryimage","inLanguage":"fr-FR","url":"https:\/\/musique-sacree-aix.fr\/wp-content\/uploads\/2020\/12\/Concert-Ste-Clotilde.jpg","contentUrl":"https:\/\/musique-sacree-aix.fr\/wp-content\/uploads\/2020\/12\/Concert-Ste-Clotilde.jpg","width":2100,"height":1000},{"@type":"WebPage","@id":"https:\/\/musique-sacree-aix.fr\/index.php\/2020\/12\/22\/sortie-cd-les-sacrements\/#webpage","url":"https:\/\/musique-sacree-aix.fr\/index.php\/2020\/12\/22\/sortie-cd-les-sacrements\/","name":"Sortie CD : Les Sacrements - Musique Sacr\u00e9e","isPartOf":{"@id":"https:\/\/musique-sacree-aix.fr\/#website"},"primaryImageOfPage":{"@id":"https:\/\/musique-sacree-aix.fr\/index.php\/2020\/12\/22\/sortie-cd-les-sacrements\/#primaryimage"},"datePublished":"2020-12-21T23:27:06+00:00","dateModified":"2021-11-21T21:56:36+00:00","breadcrumb":{"@id":"https:\/\/musique-sacree-aix.fr\/index.php\/2020\/12\/22\/sortie-cd-les-sacrements\/#breadcrumb"},"inLanguage":"fr-FR","potentialAction":[{"@type":"ReadAction","target":["https:\/\/musique-sacree-aix.fr\/index.php\/2020\/12\/22\/sortie-cd-les-sacrements\/"]}]},{"@type":"BreadcrumbList","@id":"https:\/\/musique-sacree-aix.fr\/index.php\/2020\/12\/22\/sortie-cd-les-sacrements\/#breadcrumb","itemListElement":[{"@type":"ListItem","position":1,"name":"Accueil","item":"https:\/\/musique-sacree-aix.fr\/"},{"@type":"ListItem","position":2,"name":"Sortie CD : Les Sacrements"}]},{"@type":"Article","@id":"https:\/\/musique-sacree-aix.fr\/index.php\/2020\/12\/22\/sortie-cd-les-sacrements\/#article","isPartOf":{"@id":"https:\/\/musique-sacree-aix.fr\/index.php\/2020\/12\/22\/sortie-cd-les-sacrements\/#webpage"},"author":{"@id":"https:\/\/musique-sacree-aix.fr\/#\/schema\/person\/7cdbe29794d7312fb598f3e2c366f86e"},"headline":"Sortie CD : Les Sacrements","datePublished":"2020-12-21T23:27:06+00:00","dateModified":"2021-11-21T21:56:36+00:00","mainEntityOfPage":{"@id":"https:\/\/musique-sacree-aix.fr\/index.php\/2020\/12\/22\/sortie-cd-les-sacrements\/#webpage"},"wordCount":80,"commentCount":0,"publisher":{"@id":"https:\/\/musique-sacree-aix.fr\/#organization"},"image":{"@id":"https:\/\/musique-sacree-aix.fr\/index.php\/2020\/12\/22\/sortie-cd-les-sacrements\/#primaryimage"},"thumbnailUrl":"https:\/\/musique-sacree-aix.fr\/wp-content\/uploads\/2020\/12\/Concert-Ste-Clotilde.jpg","articleSection":["Actualit\u00e9s"],"inLanguage":"fr-FR","potentialAction":[{"@type":"CommentAction","name":"Comment","target":["https:\/\/musique-sacree-aix.fr\/index.php\/2020\/12\/22\/sortie-cd-les-sacrements\/#respond"]}]},{"@type":"Person","@id":"https:\/\/musique-sacree-aix.fr\/#\/schema\/person\/7cdbe29794d7312fb598f3e2c366f86e","name":"admin9269","image":{"@type":"ImageObject","@id":"https:\/\/musique-sacree-aix.fr\/#personlogo","inLanguage":"fr-FR","url":"https:\/\/secure.gravatar.com\/avatar\/748892e064299dd0d3fd6f30c1cb9f41?s=96&d=mm&r=g","contentUrl":"https:\/\/secure.gravatar.com\/avatar\/748892e064299dd0d3fd6f30c1cb9f41?s=96&d=mm&r=g","caption":"admin9269"},"url":"https:\/\/musique-sacree-aix.fr\/index.php\/author\/admin9269\/"}]}},"jetpack_featured_media_url":"https:\/\/musique-sacree-aix.fr\/wp-content\/uploads\/2020\/12\/Concert-Ste-Clotilde.jpg","jetpack_sharing_enabled":true,"_links":{"self":[{"href":"https:\/\/musique-sacree-aix.fr\/index.php\/wp-json\/wp\/v2\/posts\/272"}],"collection":[{"href":"https:\/\/musique-sacree-aix.fr\/index.php\/wp-json\/wp\/v2\/posts"}],"about":[{"href":"https:\/\/musique-sacree-aix.fr\/index.php\/wp-json\/wp\/v2\/types\/post"}],"author":[{"embeddable":true,"href":"https:\/\/musique-sacree-aix.fr\/index.php\/wp-json\/wp\/v2\/users\/1"}],"replies":[{"embeddable":true,"href":"https:\/\/musique-sacree-aix.fr\/index.php\/wp-json\/wp\/v2\/comments?post=272"}],"version-history":[{"count":2,"href":"https:\/\/musique-sacree-aix.fr\/index.php\/wp-json\/wp\/v2\/posts\/272\/revisions"}],"predecessor-version":[{"id":275,"href":"https:\/\/musique-sacree-aix.fr\/index.php\/wp-json\/wp\/v2\/posts\/272\/revisions\/275"}],"wp:featuredmedia":[{"embeddable":true,"href":"https:\/\/musique-sacree-aix.fr\/index.php\/wp-json\/wp\/v2\/media\/277"}],"wp:attachment":[{"href":"https:\/\/musique-sacree-aix.fr\/index.php\/wp-json\/wp\/v2\/media?parent=272"}],"wp:term":[{"taxonomy":"category","embeddable":true,"href":"https:\/\/musique-sacree-aix.fr\/index.php\/wp-json\/wp\/v2\/categories?post=272"},{"taxonomy":"post_tag","embeddable":true,"href":"https:\/\/musique-sacree-aix.fr\/index.php\/wp-json\/wp\/v2\/tags?post=272"}],"curies":[{"name":"wp","href":"https:\/\/api.w.org\/{rel}","templated":true}]}}