{"id":1089,"date":"2024-12-08T21:15:42","date_gmt":"2024-12-08T20:15:42","guid":{"rendered":"https:\/\/musique-sacree-aix.fr\/?p=1089"},"modified":"2024-12-08T21:23:06","modified_gmt":"2024-12-08T20:23:06","slug":"concert-de-noel-2024","status":"publish","type":"post","link":"https:\/\/musique-sacree-aix.fr\/index.php\/2024\/12\/08\/concert-de-noel-2024\/","title":{"rendered":"Concert de No\u00ebl 2024"},"content":{"rendered":"\n<h4>Dimanche 15 d\u00e9cembre 2024 &#8211; 17h &#8211; Cath\u00e9drale d&rsquo;Aix-en-Provence<\/h4>\n\n\n\n<p>Ce concert de No\u00ebl vous propose un voyage musical des plus \u00e9mouvants. <\/p>\n\n\n\n<p class=\"has-text-align-justify\">Le c\u00e9l\u00e8bre Concerto pour violoncelle et orchestre de Haydn (n\u00b01), interpr\u00e9t\u00e9 par le talentueux <strong>Pierre CHANIOT<\/strong>, vous transportera par ses m\u00e9lodies \u00e9l\u00e9gantes et ses rythmes dansants. Puis, l\u2019Oratorio de No\u00ebl de Saint-Sa\u00ebns, ou encore le c\u00e9l\u00e8bre \u00ab\u00a0La nuit\u00a0\u00bb de Rameau, vous plongeront dans la magie de la nuit de No\u00ebl. <\/p>\n\n\n\n<p class=\"has-text-align-justify\">Pour compl\u00e9ter ce programme festif, venez red\u00e9couvrir les plus beaux chants traditionnels de No\u00ebl. <\/p>\n\n\n\n<p class=\"has-text-align-justify\">Ce moment musical sera interpr\u00e9t\u00e9 par le <strong>Ch\u0153ur de la Cath\u00e9drale<\/strong> et l\u2019ensemble vocal et instrumental \u00ab\u00a0<strong>Gaudete<\/strong>\u00ab\u00a0, sous la baguette experte de <strong>Pierre TAUDOU<\/strong>. <\/p>\n\n\n\n<p class=\"has-text-align-justify\">Un moment de qualit\u00e9 pour marquer une pause au milieu de l&rsquo;hiver et se laisser envelopper par la douce atmosph\u00e8re de No\u00ebl.<\/p>\n\n\n\n<div style=\"height:100px\" aria-hidden=\"true\" class=\"wp-block-spacer\"><\/div>\n\n\n\n<figure class=\"wp-block-image size-large is-resized\"><img loading=\"lazy\" src=\"https:\/\/musique-sacree-aix.fr\/wp-content\/uploads\/2024\/12\/Affiche-concert-de-Noe\u0308l_60x91_page-0001-680x1024.jpg\" alt=\"\" class=\"wp-image-1095\" width=\"837\" height=\"1261\" srcset=\"https:\/\/musique-sacree-aix.fr\/wp-content\/uploads\/2024\/12\/Affiche-concert-de-Noe\u0308l_60x91_page-0001-680x1024.jpg 680w, https:\/\/musique-sacree-aix.fr\/wp-content\/uploads\/2024\/12\/Affiche-concert-de-Noe\u0308l_60x91_page-0001-199x300.jpg 199w, https:\/\/musique-sacree-aix.fr\/wp-content\/uploads\/2024\/12\/Affiche-concert-de-Noe\u0308l_60x91_page-0001-768x1157.jpg 768w, https:\/\/musique-sacree-aix.fr\/wp-content\/uploads\/2024\/12\/Affiche-concert-de-Noe\u0308l_60x91_page-0001-1020x1536.jpg 1020w, https:\/\/musique-sacree-aix.fr\/wp-content\/uploads\/2024\/12\/Affiche-concert-de-Noe\u0308l_60x91_page-0001-1360x2048.jpg 1360w, https:\/\/musique-sacree-aix.fr\/wp-content\/uploads\/2024\/12\/Affiche-concert-de-Noe\u0308l_60x91_page-0001-scaled.jpg 1700w\" sizes=\"(max-width: 837px) 100vw, 837px\" \/><\/figure>\n","protected":false},"excerpt":{"rendered":"<p>Dimanche 15 d\u00e9cembre 2024 &#8211; 17h &#8211; Cath\u00e9drale d&rsquo;Aix-en-Provence Ce concert de No\u00ebl vous propose un voyage musical des plus \u00e9mouvants. Le c\u00e9l\u00e8bre Concerto pour violoncelle et orchestre de Haydn (n\u00b01), interpr\u00e9t\u00e9 par le talentueux Pierre CHANIOT, vous transportera par ses m\u00e9lodies \u00e9l\u00e9gantes et ses rythmes dansants. Puis, l\u2019Oratorio de No\u00ebl de Saint-Sa\u00ebns, ou encore &hellip; <\/p>\n","protected":false},"author":1,"featured_media":1090,"comment_status":"closed","ping_status":"closed","sticky":false,"template":"","format":"standard","meta":{"spay_email":""},"categories":[4],"tags":[],"yoast_head":"<!-- This site is optimized with the Yoast SEO plugin v17.9 - https:\/\/yoast.com\/wordpress\/plugins\/seo\/ -->\n<title>Concert de No\u00ebl 2024 - Musique Sacr\u00e9e<\/title>\n<meta name=\"robots\" content=\"index, follow, max-snippet:-1, max-image-preview:large, max-video-preview:-1\" \/>\n<link rel=\"canonical\" href=\"https:\/\/musique-sacree-aix.fr\/index.php\/2024\/12\/08\/concert-de-noel-2024\/\" \/>\n<meta property=\"og:locale\" content=\"fr_FR\" \/>\n<meta property=\"og:type\" content=\"article\" \/>\n<meta property=\"og:title\" content=\"Concert de No\u00ebl 2024 - Musique Sacr\u00e9e\" \/>\n<meta property=\"og:description\" content=\"Dimanche 15 d\u00e9cembre 2024 &#8211; 17h &#8211; Cath\u00e9drale d&rsquo;Aix-en-Provence Ce concert de No\u00ebl vous propose un voyage musical des plus \u00e9mouvants. Le c\u00e9l\u00e8bre Concerto pour violoncelle et orchestre de Haydn (n\u00b01), interpr\u00e9t\u00e9 par le talentueux Pierre CHANIOT, vous transportera par ses m\u00e9lodies \u00e9l\u00e9gantes et ses rythmes dansants. Puis, l\u2019Oratorio de No\u00ebl de Saint-Sa\u00ebns, ou encore &hellip;\" \/>\n<meta property=\"og:url\" content=\"https:\/\/musique-sacree-aix.fr\/index.php\/2024\/12\/08\/concert-de-noel-2024\/\" \/>\n<meta property=\"og:site_name\" content=\"Musique Sacr\u00e9e\" \/>\n<meta property=\"article:publisher\" content=\"https:\/\/www.facebook.com\/musiquesacree.cathedraleaix\/\" \/>\n<meta property=\"article:published_time\" content=\"2024-12-08T20:15:42+00:00\" \/>\n<meta property=\"article:modified_time\" content=\"2024-12-08T20:23:06+00:00\" \/>\n<meta property=\"og:image\" content=\"https:\/\/musique-sacree-aix.fr\/wp-content\/uploads\/2024\/12\/Banniere-concert-de-noel.jpg\" \/>\n\t<meta property=\"og:image:width\" content=\"2100\" \/>\n\t<meta property=\"og:image:height\" content=\"1000\" \/>\n\t<meta property=\"og:image:type\" content=\"image\/jpeg\" \/>\n<meta name=\"twitter:card\" content=\"summary_large_image\" \/>\n<meta name=\"twitter:label1\" content=\"\u00c9crit par\" \/>\n\t<meta name=\"twitter:data1\" content=\"admin9269\" \/>\n\t<meta name=\"twitter:label2\" content=\"Dur\u00e9e de lecture estim\u00e9e\" \/>\n\t<meta name=\"twitter:data2\" content=\"1 minute\" \/>\n<script type=\"application\/ld+json\" class=\"yoast-schema-graph\">{\"@context\":\"https:\/\/schema.org\",\"@graph\":[{\"@type\":\"Organization\",\"@id\":\"https:\/\/musique-sacree-aix.fr\/#organization\",\"name\":\"Musique Sacr\\u00e9e \\u00e0 la Cath\\u00e9drale d'Aix-en-Provence\",\"url\":\"https:\/\/musique-sacree-aix.fr\/\",\"sameAs\":[\"https:\/\/www.facebook.com\/musiquesacree.cathedraleaix\/\",\"https:\/\/www.youtube.com\/channel\/UC6PTCinXrlV6yM0dU4YTBww\"],\"logo\":{\"@type\":\"ImageObject\",\"@id\":\"https:\/\/musique-sacree-aix.fr\/#logo\",\"inLanguage\":\"fr-FR\",\"url\":\"https:\/\/musique-sacree-aix.fr\/wp-content\/uploads\/2020\/09\/HD-Logo-MSCA-couleur.png\",\"contentUrl\":\"https:\/\/musique-sacree-aix.fr\/wp-content\/uploads\/2020\/09\/HD-Logo-MSCA-couleur.png\",\"width\":2362,\"height\":2362,\"caption\":\"Musique Sacr\\u00e9e \\u00e0 la Cath\\u00e9drale d'Aix-en-Provence\"},\"image\":{\"@id\":\"https:\/\/musique-sacree-aix.fr\/#logo\"}},{\"@type\":\"WebSite\",\"@id\":\"https:\/\/musique-sacree-aix.fr\/#website\",\"url\":\"https:\/\/musique-sacree-aix.fr\/\",\"name\":\"Musique Sacr\\u00e9e Aix\",\"description\":\"\\u00e0 la Cath\\u00e9drale dAix-en-Provence\",\"publisher\":{\"@id\":\"https:\/\/musique-sacree-aix.fr\/#organization\"},\"potentialAction\":[{\"@type\":\"SearchAction\",\"target\":{\"@type\":\"EntryPoint\",\"urlTemplate\":\"https:\/\/musique-sacree-aix.fr\/?s={search_term_string}\"},\"query-input\":\"required name=search_term_string\"}],\"inLanguage\":\"fr-FR\"},{\"@type\":\"ImageObject\",\"@id\":\"https:\/\/musique-sacree-aix.fr\/index.php\/2024\/12\/08\/concert-de-noel-2024\/#primaryimage\",\"inLanguage\":\"fr-FR\",\"url\":\"https:\/\/musique-sacree-aix.fr\/wp-content\/uploads\/2024\/12\/Banniere-concert-de-noel.jpg\",\"contentUrl\":\"https:\/\/musique-sacree-aix.fr\/wp-content\/uploads\/2024\/12\/Banniere-concert-de-noel.jpg\",\"width\":2100,\"height\":1000},{\"@type\":\"WebPage\",\"@id\":\"https:\/\/musique-sacree-aix.fr\/index.php\/2024\/12\/08\/concert-de-noel-2024\/#webpage\",\"url\":\"https:\/\/musique-sacree-aix.fr\/index.php\/2024\/12\/08\/concert-de-noel-2024\/\",\"name\":\"Concert de No\\u00ebl 2024 - Musique Sacr\\u00e9e\",\"isPartOf\":{\"@id\":\"https:\/\/musique-sacree-aix.fr\/#website\"},\"primaryImageOfPage\":{\"@id\":\"https:\/\/musique-sacree-aix.fr\/index.php\/2024\/12\/08\/concert-de-noel-2024\/#primaryimage\"},\"datePublished\":\"2024-12-08T20:15:42+00:00\",\"dateModified\":\"2024-12-08T20:23:06+00:00\",\"breadcrumb\":{\"@id\":\"https:\/\/musique-sacree-aix.fr\/index.php\/2024\/12\/08\/concert-de-noel-2024\/#breadcrumb\"},\"inLanguage\":\"fr-FR\",\"potentialAction\":[{\"@type\":\"ReadAction\",\"target\":[\"https:\/\/musique-sacree-aix.fr\/index.php\/2024\/12\/08\/concert-de-noel-2024\/\"]}]},{\"@type\":\"BreadcrumbList\",\"@id\":\"https:\/\/musique-sacree-aix.fr\/index.php\/2024\/12\/08\/concert-de-noel-2024\/#breadcrumb\",\"itemListElement\":[{\"@type\":\"ListItem\",\"position\":1,\"name\":\"Accueil\",\"item\":\"https:\/\/musique-sacree-aix.fr\/\"},{\"@type\":\"ListItem\",\"position\":2,\"name\":\"Concert de No\\u00ebl 2024\"}]},{\"@type\":\"Article\",\"@id\":\"https:\/\/musique-sacree-aix.fr\/index.php\/2024\/12\/08\/concert-de-noel-2024\/#article\",\"isPartOf\":{\"@id\":\"https:\/\/musique-sacree-aix.fr\/index.php\/2024\/12\/08\/concert-de-noel-2024\/#webpage\"},\"author\":{\"@id\":\"https:\/\/musique-sacree-aix.fr\/#\/schema\/person\/7cdbe29794d7312fb598f3e2c366f86e\"},\"headline\":\"Concert de No\\u00ebl 2024\",\"datePublished\":\"2024-12-08T20:15:42+00:00\",\"dateModified\":\"2024-12-08T20:23:06+00:00\",\"mainEntityOfPage\":{\"@id\":\"https:\/\/musique-sacree-aix.fr\/index.php\/2024\/12\/08\/concert-de-noel-2024\/#webpage\"},\"wordCount\":156,\"publisher\":{\"@id\":\"https:\/\/musique-sacree-aix.fr\/#organization\"},\"image\":{\"@id\":\"https:\/\/musique-sacree-aix.fr\/index.php\/2024\/12\/08\/concert-de-noel-2024\/#primaryimage\"},\"thumbnailUrl\":\"https:\/\/musique-sacree-aix.fr\/wp-content\/uploads\/2024\/12\/Banniere-concert-de-noel.jpg\",\"articleSection\":[\"Actualit\\u00e9s\"],\"inLanguage\":\"fr-FR\"},{\"@type\":\"Person\",\"@id\":\"https:\/\/musique-sacree-aix.fr\/#\/schema\/person\/7cdbe29794d7312fb598f3e2c366f86e\",\"name\":\"admin9269\",\"image\":{\"@type\":\"ImageObject\",\"@id\":\"https:\/\/musique-sacree-aix.fr\/#personlogo\",\"inLanguage\":\"fr-FR\",\"url\":\"https:\/\/secure.gravatar.com\/avatar\/748892e064299dd0d3fd6f30c1cb9f41?s=96&d=mm&r=g\",\"contentUrl\":\"https:\/\/secure.gravatar.com\/avatar\/748892e064299dd0d3fd6f30c1cb9f41?s=96&d=mm&r=g\",\"caption\":\"admin9269\"},\"url\":\"https:\/\/musique-sacree-aix.fr\/index.php\/author\/admin9269\/\"}]}<\/script>\n<!-- \/ Yoast SEO plugin. -->","yoast_head_json":{"title":"Concert de No\u00ebl 2024 - Musique Sacr\u00e9e","robots":{"index":"index","follow":"follow","max-snippet":"max-snippet:-1","max-image-preview":"max-image-preview:large","max-video-preview":"max-video-preview:-1"},"canonical":"https:\/\/musique-sacree-aix.fr\/index.php\/2024\/12\/08\/concert-de-noel-2024\/","og_locale":"fr_FR","og_type":"article","og_title":"Concert de No\u00ebl 2024 - Musique Sacr\u00e9e","og_description":"Dimanche 15 d\u00e9cembre 2024 &#8211; 17h &#8211; Cath\u00e9drale d&rsquo;Aix-en-Provence Ce concert de No\u00ebl vous propose un voyage musical des plus \u00e9mouvants. Le c\u00e9l\u00e8bre Concerto pour violoncelle et orchestre de Haydn (n\u00b01), interpr\u00e9t\u00e9 par le talentueux Pierre CHANIOT, vous transportera par ses m\u00e9lodies \u00e9l\u00e9gantes et ses rythmes dansants. Puis, l\u2019Oratorio de No\u00ebl de Saint-Sa\u00ebns, ou encore &hellip;","og_url":"https:\/\/musique-sacree-aix.fr\/index.php\/2024\/12\/08\/concert-de-noel-2024\/","og_site_name":"Musique Sacr\u00e9e","article_publisher":"https:\/\/www.facebook.com\/musiquesacree.cathedraleaix\/","article_published_time":"2024-12-08T20:15:42+00:00","article_modified_time":"2024-12-08T20:23:06+00:00","og_image":[{"width":2100,"height":1000,"url":"https:\/\/musique-sacree-aix.fr\/wp-content\/uploads\/2024\/12\/Banniere-concert-de-noel.jpg","type":"image\/jpeg"}],"twitter_card":"summary_large_image","twitter_misc":{"\u00c9crit par":"admin9269","Dur\u00e9e de lecture estim\u00e9e":"1 minute"},"schema":{"@context":"https:\/\/schema.org","@graph":[{"@type":"Organization","@id":"https:\/\/musique-sacree-aix.fr\/#organization","name":"Musique Sacr\u00e9e \u00e0 la Cath\u00e9drale d'Aix-en-Provence","url":"https:\/\/musique-sacree-aix.fr\/","sameAs":["https:\/\/www.facebook.com\/musiquesacree.cathedraleaix\/","https:\/\/www.youtube.com\/channel\/UC6PTCinXrlV6yM0dU4YTBww"],"logo":{"@type":"ImageObject","@id":"https:\/\/musique-sacree-aix.fr\/#logo","inLanguage":"fr-FR","url":"https:\/\/musique-sacree-aix.fr\/wp-content\/uploads\/2020\/09\/HD-Logo-MSCA-couleur.png","contentUrl":"https:\/\/musique-sacree-aix.fr\/wp-content\/uploads\/2020\/09\/HD-Logo-MSCA-couleur.png","width":2362,"height":2362,"caption":"Musique Sacr\u00e9e \u00e0 la Cath\u00e9drale d'Aix-en-Provence"},"image":{"@id":"https:\/\/musique-sacree-aix.fr\/#logo"}},{"@type":"WebSite","@id":"https:\/\/musique-sacree-aix.fr\/#website","url":"https:\/\/musique-sacree-aix.fr\/","name":"Musique Sacr\u00e9e Aix","description":"\u00e0 la Cath\u00e9drale dAix-en-Provence","publisher":{"@id":"https:\/\/musique-sacree-aix.fr\/#organization"},"potentialAction":[{"@type":"SearchAction","target":{"@type":"EntryPoint","urlTemplate":"https:\/\/musique-sacree-aix.fr\/?s={search_term_string}"},"query-input":"required name=search_term_string"}],"inLanguage":"fr-FR"},{"@type":"ImageObject","@id":"https:\/\/musique-sacree-aix.fr\/index.php\/2024\/12\/08\/concert-de-noel-2024\/#primaryimage","inLanguage":"fr-FR","url":"https:\/\/musique-sacree-aix.fr\/wp-content\/uploads\/2024\/12\/Banniere-concert-de-noel.jpg","contentUrl":"https:\/\/musique-sacree-aix.fr\/wp-content\/uploads\/2024\/12\/Banniere-concert-de-noel.jpg","width":2100,"height":1000},{"@type":"WebPage","@id":"https:\/\/musique-sacree-aix.fr\/index.php\/2024\/12\/08\/concert-de-noel-2024\/#webpage","url":"https:\/\/musique-sacree-aix.fr\/index.php\/2024\/12\/08\/concert-de-noel-2024\/","name":"Concert de No\u00ebl 2024 - Musique Sacr\u00e9e","isPartOf":{"@id":"https:\/\/musique-sacree-aix.fr\/#website"},"primaryImageOfPage":{"@id":"https:\/\/musique-sacree-aix.fr\/index.php\/2024\/12\/08\/concert-de-noel-2024\/#primaryimage"},"datePublished":"2024-12-08T20:15:42+00:00","dateModified":"2024-12-08T20:23:06+00:00","breadcrumb":{"@id":"https:\/\/musique-sacree-aix.fr\/index.php\/2024\/12\/08\/concert-de-noel-2024\/#breadcrumb"},"inLanguage":"fr-FR","potentialAction":[{"@type":"ReadAction","target":["https:\/\/musique-sacree-aix.fr\/index.php\/2024\/12\/08\/concert-de-noel-2024\/"]}]},{"@type":"BreadcrumbList","@id":"https:\/\/musique-sacree-aix.fr\/index.php\/2024\/12\/08\/concert-de-noel-2024\/#breadcrumb","itemListElement":[{"@type":"ListItem","position":1,"name":"Accueil","item":"https:\/\/musique-sacree-aix.fr\/"},{"@type":"ListItem","position":2,"name":"Concert de No\u00ebl 2024"}]},{"@type":"Article","@id":"https:\/\/musique-sacree-aix.fr\/index.php\/2024\/12\/08\/concert-de-noel-2024\/#article","isPartOf":{"@id":"https:\/\/musique-sacree-aix.fr\/index.php\/2024\/12\/08\/concert-de-noel-2024\/#webpage"},"author":{"@id":"https:\/\/musique-sacree-aix.fr\/#\/schema\/person\/7cdbe29794d7312fb598f3e2c366f86e"},"headline":"Concert de No\u00ebl 2024","datePublished":"2024-12-08T20:15:42+00:00","dateModified":"2024-12-08T20:23:06+00:00","mainEntityOfPage":{"@id":"https:\/\/musique-sacree-aix.fr\/index.php\/2024\/12\/08\/concert-de-noel-2024\/#webpage"},"wordCount":156,"publisher":{"@id":"https:\/\/musique-sacree-aix.fr\/#organization"},"image":{"@id":"https:\/\/musique-sacree-aix.fr\/index.php\/2024\/12\/08\/concert-de-noel-2024\/#primaryimage"},"thumbnailUrl":"https:\/\/musique-sacree-aix.fr\/wp-content\/uploads\/2024\/12\/Banniere-concert-de-noel.jpg","articleSection":["Actualit\u00e9s"],"inLanguage":"fr-FR"},{"@type":"Person","@id":"https:\/\/musique-sacree-aix.fr\/#\/schema\/person\/7cdbe29794d7312fb598f3e2c366f86e","name":"admin9269","image":{"@type":"ImageObject","@id":"https:\/\/musique-sacree-aix.fr\/#personlogo","inLanguage":"fr-FR","url":"https:\/\/secure.gravatar.com\/avatar\/748892e064299dd0d3fd6f30c1cb9f41?s=96&d=mm&r=g","contentUrl":"https:\/\/secure.gravatar.com\/avatar\/748892e064299dd0d3fd6f30c1cb9f41?s=96&d=mm&r=g","caption":"admin9269"},"url":"https:\/\/musique-sacree-aix.fr\/index.php\/author\/admin9269\/"}]}},"jetpack_featured_media_url":"https:\/\/musique-sacree-aix.fr\/wp-content\/uploads\/2024\/12\/Banniere-concert-de-noel.jpg","jetpack_sharing_enabled":true,"_links":{"self":[{"href":"https:\/\/musique-sacree-aix.fr\/index.php\/wp-json\/wp\/v2\/posts\/1089"}],"collection":[{"href":"https:\/\/musique-sacree-aix.fr\/index.php\/wp-json\/wp\/v2\/posts"}],"about":[{"href":"https:\/\/musique-sacree-aix.fr\/index.php\/wp-json\/wp\/v2\/types\/post"}],"author":[{"embeddable":true,"href":"https:\/\/musique-sacree-aix.fr\/index.php\/wp-json\/wp\/v2\/users\/1"}],"replies":[{"embeddable":true,"href":"https:\/\/musique-sacree-aix.fr\/index.php\/wp-json\/wp\/v2\/comments?post=1089"}],"version-history":[{"count":5,"href":"https:\/\/musique-sacree-aix.fr\/index.php\/wp-json\/wp\/v2\/posts\/1089\/revisions"}],"predecessor-version":[{"id":1100,"href":"https:\/\/musique-sacree-aix.fr\/index.php\/wp-json\/wp\/v2\/posts\/1089\/revisions\/1100"}],"wp:featuredmedia":[{"embeddable":true,"href":"https:\/\/musique-sacree-aix.fr\/index.php\/wp-json\/wp\/v2\/media\/1090"}],"wp:attachment":[{"href":"https:\/\/musique-sacree-aix.fr\/index.php\/wp-json\/wp\/v2\/media?parent=1089"}],"wp:term":[{"taxonomy":"category","embeddable":true,"href":"https:\/\/musique-sacree-aix.fr\/index.php\/wp-json\/wp\/v2\/categories?post=1089"},{"taxonomy":"post_tag","embeddable":true,"href":"https:\/\/musique-sacree-aix.fr\/index.php\/wp-json\/wp\/v2\/tags?post=1089"}],"curies":[{"name":"wp","href":"https:\/\/api.w.org\/{rel}","templated":true}]}}