{"id":1060,"date":"2023-10-23T21:23:48","date_gmt":"2023-10-23T19:23:48","guid":{"rendered":"https:\/\/musique-sacree-aix.fr\/?p=1060"},"modified":"2024-03-01T20:08:37","modified_gmt":"2024-03-01T19:08:37","slug":"concerto-soave-valorisation-du-fonds-musical-de-la-maitrise","status":"publish","type":"post","link":"https:\/\/musique-sacree-aix.fr\/index.php\/2023\/10\/23\/concerto-soave-valorisation-du-fonds-musical-de-la-maitrise\/","title":{"rendered":"CONCERT &#8211; Valorisation du fonds musical de la Ma\u00eetrise"},"content":{"rendered":"\n<h2>18 h 00  Conf\u00e9rence <\/h2>\n\n\n\n<p><strong>B\u00e9n\u00e9dicte Hertz<\/strong>, chercheuse au Centre de Musique Baroque de Versailles<br><strong>Aline Amat-Medeiros<\/strong>, archiviste en charge du projet<br><strong>Guy Laurent<\/strong>, chef de ch\u0153ur et directeur musical des Festes d\u2019Orph\u00e9e<\/p>\n\n\n\n<p class=\"has-text-align-right\"><em>Cave aux huiles &#8211; 34 Pl des Martyrs de la r\u00e9sistance <br>Entr\u00e9e libre<\/em><\/p>\n\n\n\n<p><\/p>\n\n\n\n<h2>20 H 30 Concert <\/h2>\n\n\n\n<p><strong>Par l\u2018ensemble Concerto Soave<\/strong><br>Sous la direction de Jean-Marc Aymes<br>\u0152uvres de Campra, Rolland, Poitevin<\/p>\n\n\n\n<p class=\"has-text-align-right\"><em>Cath\u00e9drale St Sauveur<br>Entr\u00e9e sur Billetterie<\/em><\/p>\n\n\n\n<p class=\"has-text-align-center has-medium-font-size\"><strong><a href=\"https:\/\/www.helloasso.com\/associations\/musique-sacree-a-la-cathedrale-d-aix-en-provence\/evenements\/concerto-suave\" target=\"_blank\" rel=\"noreferrer noopener\">Billetterie Concert &#8211; Cliquez ICI<\/a><\/strong><\/p>\n\n\n\n<div style=\"height:30px\" aria-hidden=\"true\" class=\"wp-block-spacer\"><\/div>\n\n\n\n<p>Plus d&rsquo;informations autour de cette journ\u00e9e \u00e9v\u00e8nement : <a href=\"https:\/\/musique-sacree-aix.fr\/index.php\/2023\/10\/23\/evenement-restauration-du-fonds-musical-de-la-maitrise\/\" target=\"_blank\" rel=\"noreferrer noopener\">cliquez ici<\/a><\/p>\n\n\n\n<div style=\"height:33px\" aria-hidden=\"true\" class=\"wp-block-spacer\"><\/div>\n\n\n\n<figure class=\"wp-block-image size-large\"><img loading=\"lazy\" width=\"1024\" height=\"488\" src=\"https:\/\/musique-sacree-aix.fr\/wp-content\/uploads\/2023\/10\/Bandeau-de-logo-1024x488.png\" alt=\"\" class=\"wp-image-1076\" srcset=\"https:\/\/musique-sacree-aix.fr\/wp-content\/uploads\/2023\/10\/Bandeau-de-logo-1024x488.png 1024w, https:\/\/musique-sacree-aix.fr\/wp-content\/uploads\/2023\/10\/Bandeau-de-logo-300x143.png 300w, https:\/\/musique-sacree-aix.fr\/wp-content\/uploads\/2023\/10\/Bandeau-de-logo-768x366.png 768w, https:\/\/musique-sacree-aix.fr\/wp-content\/uploads\/2023\/10\/Bandeau-de-logo-1536x731.png 1536w, https:\/\/musique-sacree-aix.fr\/wp-content\/uploads\/2023\/10\/Bandeau-de-logo-2048x975.png 2048w\" sizes=\"(max-width: 1024px) 100vw, 1024px\" \/><\/figure>\n","protected":false},"excerpt":{"rendered":"<p>18 h 00 Conf\u00e9rence B\u00e9n\u00e9dicte Hertz, chercheuse au Centre de Musique Baroque de VersaillesAline Amat-Medeiros, archiviste en charge du projetGuy Laurent, chef de ch\u0153ur et directeur musical des Festes d\u2019Orph\u00e9e Cave aux huiles &#8211; 34 Pl des Martyrs de la r\u00e9sistance Entr\u00e9e libre 20 H 30 Concert Par l\u2018ensemble Concerto SoaveSous la direction de Jean-Marc &hellip; <\/p>\n","protected":false},"author":1,"featured_media":1070,"comment_status":"closed","ping_status":"closed","sticky":false,"template":"","format":"standard","meta":{"spay_email":""},"categories":[4],"tags":[],"yoast_head":"<!-- This site is optimized with the Yoast SEO plugin v17.9 - https:\/\/yoast.com\/wordpress\/plugins\/seo\/ -->\n<title>CONCERT - Valorisation du fonds musical de la Ma\u00eetrise - Musique Sacr\u00e9e<\/title>\n<meta name=\"robots\" content=\"index, follow, max-snippet:-1, max-image-preview:large, max-video-preview:-1\" \/>\n<link rel=\"canonical\" href=\"https:\/\/musique-sacree-aix.fr\/index.php\/2023\/10\/23\/concerto-soave-valorisation-du-fonds-musical-de-la-maitrise\/\" \/>\n<meta property=\"og:locale\" content=\"fr_FR\" \/>\n<meta property=\"og:type\" content=\"article\" \/>\n<meta property=\"og:title\" content=\"CONCERT - Valorisation du fonds musical de la Ma\u00eetrise - Musique Sacr\u00e9e\" \/>\n<meta property=\"og:description\" content=\"18 h 00 Conf\u00e9rence B\u00e9n\u00e9dicte Hertz, chercheuse au Centre de Musique Baroque de VersaillesAline Amat-Medeiros, archiviste en charge du projetGuy Laurent, chef de ch\u0153ur et directeur musical des Festes d\u2019Orph\u00e9e Cave aux huiles &#8211; 34 Pl des Martyrs de la r\u00e9sistance Entr\u00e9e libre 20 H 30 Concert Par l\u2018ensemble Concerto SoaveSous la direction de Jean-Marc &hellip;\" \/>\n<meta property=\"og:url\" content=\"https:\/\/musique-sacree-aix.fr\/index.php\/2023\/10\/23\/concerto-soave-valorisation-du-fonds-musical-de-la-maitrise\/\" \/>\n<meta property=\"og:site_name\" content=\"Musique Sacr\u00e9e\" \/>\n<meta property=\"article:publisher\" content=\"https:\/\/www.facebook.com\/musiquesacree.cathedraleaix\/\" \/>\n<meta property=\"article:published_time\" content=\"2023-10-23T19:23:48+00:00\" \/>\n<meta property=\"article:modified_time\" content=\"2024-03-01T19:08:37+00:00\" \/>\n<meta property=\"og:image\" content=\"https:\/\/musique-sacree-aix.fr\/wp-content\/uploads\/2023\/10\/Banniere-de-concerto-soave2.jpg\" \/>\n\t<meta property=\"og:image:width\" content=\"2100\" \/>\n\t<meta property=\"og:image:height\" content=\"1000\" \/>\n\t<meta property=\"og:image:type\" content=\"image\/jpeg\" \/>\n<meta name=\"twitter:card\" content=\"summary_large_image\" \/>\n<meta name=\"twitter:label1\" content=\"\u00c9crit par\" \/>\n\t<meta name=\"twitter:data1\" content=\"admin9269\" \/>\n\t<meta name=\"twitter:label2\" content=\"Dur\u00e9e de lecture estim\u00e9e\" \/>\n\t<meta name=\"twitter:data2\" content=\"1 minute\" \/>\n<script type=\"application\/ld+json\" class=\"yoast-schema-graph\">{\"@context\":\"https:\/\/schema.org\",\"@graph\":[{\"@type\":\"Organization\",\"@id\":\"https:\/\/musique-sacree-aix.fr\/#organization\",\"name\":\"Musique Sacr\\u00e9e \\u00e0 la Cath\\u00e9drale d'Aix-en-Provence\",\"url\":\"https:\/\/musique-sacree-aix.fr\/\",\"sameAs\":[\"https:\/\/www.facebook.com\/musiquesacree.cathedraleaix\/\",\"https:\/\/www.youtube.com\/channel\/UC6PTCinXrlV6yM0dU4YTBww\"],\"logo\":{\"@type\":\"ImageObject\",\"@id\":\"https:\/\/musique-sacree-aix.fr\/#logo\",\"inLanguage\":\"fr-FR\",\"url\":\"https:\/\/musique-sacree-aix.fr\/wp-content\/uploads\/2020\/09\/HD-Logo-MSCA-couleur.png\",\"contentUrl\":\"https:\/\/musique-sacree-aix.fr\/wp-content\/uploads\/2020\/09\/HD-Logo-MSCA-couleur.png\",\"width\":2362,\"height\":2362,\"caption\":\"Musique Sacr\\u00e9e \\u00e0 la Cath\\u00e9drale d'Aix-en-Provence\"},\"image\":{\"@id\":\"https:\/\/musique-sacree-aix.fr\/#logo\"}},{\"@type\":\"WebSite\",\"@id\":\"https:\/\/musique-sacree-aix.fr\/#website\",\"url\":\"https:\/\/musique-sacree-aix.fr\/\",\"name\":\"Musique Sacr\\u00e9e Aix\",\"description\":\"\\u00e0 la Cath\\u00e9drale dAix-en-Provence\",\"publisher\":{\"@id\":\"https:\/\/musique-sacree-aix.fr\/#organization\"},\"potentialAction\":[{\"@type\":\"SearchAction\",\"target\":{\"@type\":\"EntryPoint\",\"urlTemplate\":\"https:\/\/musique-sacree-aix.fr\/?s={search_term_string}\"},\"query-input\":\"required name=search_term_string\"}],\"inLanguage\":\"fr-FR\"},{\"@type\":\"ImageObject\",\"@id\":\"https:\/\/musique-sacree-aix.fr\/index.php\/2023\/10\/23\/concerto-soave-valorisation-du-fonds-musical-de-la-maitrise\/#primaryimage\",\"inLanguage\":\"fr-FR\",\"url\":\"https:\/\/musique-sacree-aix.fr\/wp-content\/uploads\/2023\/10\/Banniere-de-concerto-soave2.jpg\",\"contentUrl\":\"https:\/\/musique-sacree-aix.fr\/wp-content\/uploads\/2023\/10\/Banniere-de-concerto-soave2.jpg\",\"width\":2100,\"height\":1000},{\"@type\":\"WebPage\",\"@id\":\"https:\/\/musique-sacree-aix.fr\/index.php\/2023\/10\/23\/concerto-soave-valorisation-du-fonds-musical-de-la-maitrise\/#webpage\",\"url\":\"https:\/\/musique-sacree-aix.fr\/index.php\/2023\/10\/23\/concerto-soave-valorisation-du-fonds-musical-de-la-maitrise\/\",\"name\":\"CONCERT - Valorisation du fonds musical de la Ma\\u00eetrise - Musique Sacr\\u00e9e\",\"isPartOf\":{\"@id\":\"https:\/\/musique-sacree-aix.fr\/#website\"},\"primaryImageOfPage\":{\"@id\":\"https:\/\/musique-sacree-aix.fr\/index.php\/2023\/10\/23\/concerto-soave-valorisation-du-fonds-musical-de-la-maitrise\/#primaryimage\"},\"datePublished\":\"2023-10-23T19:23:48+00:00\",\"dateModified\":\"2024-03-01T19:08:37+00:00\",\"breadcrumb\":{\"@id\":\"https:\/\/musique-sacree-aix.fr\/index.php\/2023\/10\/23\/concerto-soave-valorisation-du-fonds-musical-de-la-maitrise\/#breadcrumb\"},\"inLanguage\":\"fr-FR\",\"potentialAction\":[{\"@type\":\"ReadAction\",\"target\":[\"https:\/\/musique-sacree-aix.fr\/index.php\/2023\/10\/23\/concerto-soave-valorisation-du-fonds-musical-de-la-maitrise\/\"]}]},{\"@type\":\"BreadcrumbList\",\"@id\":\"https:\/\/musique-sacree-aix.fr\/index.php\/2023\/10\/23\/concerto-soave-valorisation-du-fonds-musical-de-la-maitrise\/#breadcrumb\",\"itemListElement\":[{\"@type\":\"ListItem\",\"position\":1,\"name\":\"Accueil\",\"item\":\"https:\/\/musique-sacree-aix.fr\/\"},{\"@type\":\"ListItem\",\"position\":2,\"name\":\"CONCERT &#8211; Valorisation du fonds musical de la Ma\\u00eetrise\"}]},{\"@type\":\"Article\",\"@id\":\"https:\/\/musique-sacree-aix.fr\/index.php\/2023\/10\/23\/concerto-soave-valorisation-du-fonds-musical-de-la-maitrise\/#article\",\"isPartOf\":{\"@id\":\"https:\/\/musique-sacree-aix.fr\/index.php\/2023\/10\/23\/concerto-soave-valorisation-du-fonds-musical-de-la-maitrise\/#webpage\"},\"author\":{\"@id\":\"https:\/\/musique-sacree-aix.fr\/#\/schema\/person\/7cdbe29794d7312fb598f3e2c366f86e\"},\"headline\":\"CONCERT &#8211; Valorisation du fonds musical de la Ma\\u00eetrise\",\"datePublished\":\"2023-10-23T19:23:48+00:00\",\"dateModified\":\"2024-03-01T19:08:37+00:00\",\"mainEntityOfPage\":{\"@id\":\"https:\/\/musique-sacree-aix.fr\/index.php\/2023\/10\/23\/concerto-soave-valorisation-du-fonds-musical-de-la-maitrise\/#webpage\"},\"wordCount\":98,\"publisher\":{\"@id\":\"https:\/\/musique-sacree-aix.fr\/#organization\"},\"image\":{\"@id\":\"https:\/\/musique-sacree-aix.fr\/index.php\/2023\/10\/23\/concerto-soave-valorisation-du-fonds-musical-de-la-maitrise\/#primaryimage\"},\"thumbnailUrl\":\"https:\/\/musique-sacree-aix.fr\/wp-content\/uploads\/2023\/10\/Banniere-de-concerto-soave2.jpg\",\"articleSection\":[\"Actualit\\u00e9s\"],\"inLanguage\":\"fr-FR\"},{\"@type\":\"Person\",\"@id\":\"https:\/\/musique-sacree-aix.fr\/#\/schema\/person\/7cdbe29794d7312fb598f3e2c366f86e\",\"name\":\"admin9269\",\"image\":{\"@type\":\"ImageObject\",\"@id\":\"https:\/\/musique-sacree-aix.fr\/#personlogo\",\"inLanguage\":\"fr-FR\",\"url\":\"https:\/\/secure.gravatar.com\/avatar\/748892e064299dd0d3fd6f30c1cb9f41?s=96&d=mm&r=g\",\"contentUrl\":\"https:\/\/secure.gravatar.com\/avatar\/748892e064299dd0d3fd6f30c1cb9f41?s=96&d=mm&r=g\",\"caption\":\"admin9269\"},\"url\":\"https:\/\/musique-sacree-aix.fr\/index.php\/author\/admin9269\/\"}]}<\/script>\n<!-- \/ Yoast SEO plugin. -->","yoast_head_json":{"title":"CONCERT - Valorisation du fonds musical de la Ma\u00eetrise - Musique Sacr\u00e9e","robots":{"index":"index","follow":"follow","max-snippet":"max-snippet:-1","max-image-preview":"max-image-preview:large","max-video-preview":"max-video-preview:-1"},"canonical":"https:\/\/musique-sacree-aix.fr\/index.php\/2023\/10\/23\/concerto-soave-valorisation-du-fonds-musical-de-la-maitrise\/","og_locale":"fr_FR","og_type":"article","og_title":"CONCERT - Valorisation du fonds musical de la Ma\u00eetrise - Musique Sacr\u00e9e","og_description":"18 h 00 Conf\u00e9rence B\u00e9n\u00e9dicte Hertz, chercheuse au Centre de Musique Baroque de VersaillesAline Amat-Medeiros, archiviste en charge du projetGuy Laurent, chef de ch\u0153ur et directeur musical des Festes d\u2019Orph\u00e9e Cave aux huiles &#8211; 34 Pl des Martyrs de la r\u00e9sistance Entr\u00e9e libre 20 H 30 Concert Par l\u2018ensemble Concerto SoaveSous la direction de Jean-Marc &hellip;","og_url":"https:\/\/musique-sacree-aix.fr\/index.php\/2023\/10\/23\/concerto-soave-valorisation-du-fonds-musical-de-la-maitrise\/","og_site_name":"Musique Sacr\u00e9e","article_publisher":"https:\/\/www.facebook.com\/musiquesacree.cathedraleaix\/","article_published_time":"2023-10-23T19:23:48+00:00","article_modified_time":"2024-03-01T19:08:37+00:00","og_image":[{"width":2100,"height":1000,"url":"https:\/\/musique-sacree-aix.fr\/wp-content\/uploads\/2023\/10\/Banniere-de-concerto-soave2.jpg","type":"image\/jpeg"}],"twitter_card":"summary_large_image","twitter_misc":{"\u00c9crit par":"admin9269","Dur\u00e9e de lecture estim\u00e9e":"1 minute"},"schema":{"@context":"https:\/\/schema.org","@graph":[{"@type":"Organization","@id":"https:\/\/musique-sacree-aix.fr\/#organization","name":"Musique Sacr\u00e9e \u00e0 la Cath\u00e9drale d'Aix-en-Provence","url":"https:\/\/musique-sacree-aix.fr\/","sameAs":["https:\/\/www.facebook.com\/musiquesacree.cathedraleaix\/","https:\/\/www.youtube.com\/channel\/UC6PTCinXrlV6yM0dU4YTBww"],"logo":{"@type":"ImageObject","@id":"https:\/\/musique-sacree-aix.fr\/#logo","inLanguage":"fr-FR","url":"https:\/\/musique-sacree-aix.fr\/wp-content\/uploads\/2020\/09\/HD-Logo-MSCA-couleur.png","contentUrl":"https:\/\/musique-sacree-aix.fr\/wp-content\/uploads\/2020\/09\/HD-Logo-MSCA-couleur.png","width":2362,"height":2362,"caption":"Musique Sacr\u00e9e \u00e0 la Cath\u00e9drale d'Aix-en-Provence"},"image":{"@id":"https:\/\/musique-sacree-aix.fr\/#logo"}},{"@type":"WebSite","@id":"https:\/\/musique-sacree-aix.fr\/#website","url":"https:\/\/musique-sacree-aix.fr\/","name":"Musique Sacr\u00e9e Aix","description":"\u00e0 la Cath\u00e9drale dAix-en-Provence","publisher":{"@id":"https:\/\/musique-sacree-aix.fr\/#organization"},"potentialAction":[{"@type":"SearchAction","target":{"@type":"EntryPoint","urlTemplate":"https:\/\/musique-sacree-aix.fr\/?s={search_term_string}"},"query-input":"required name=search_term_string"}],"inLanguage":"fr-FR"},{"@type":"ImageObject","@id":"https:\/\/musique-sacree-aix.fr\/index.php\/2023\/10\/23\/concerto-soave-valorisation-du-fonds-musical-de-la-maitrise\/#primaryimage","inLanguage":"fr-FR","url":"https:\/\/musique-sacree-aix.fr\/wp-content\/uploads\/2023\/10\/Banniere-de-concerto-soave2.jpg","contentUrl":"https:\/\/musique-sacree-aix.fr\/wp-content\/uploads\/2023\/10\/Banniere-de-concerto-soave2.jpg","width":2100,"height":1000},{"@type":"WebPage","@id":"https:\/\/musique-sacree-aix.fr\/index.php\/2023\/10\/23\/concerto-soave-valorisation-du-fonds-musical-de-la-maitrise\/#webpage","url":"https:\/\/musique-sacree-aix.fr\/index.php\/2023\/10\/23\/concerto-soave-valorisation-du-fonds-musical-de-la-maitrise\/","name":"CONCERT - Valorisation du fonds musical de la Ma\u00eetrise - Musique Sacr\u00e9e","isPartOf":{"@id":"https:\/\/musique-sacree-aix.fr\/#website"},"primaryImageOfPage":{"@id":"https:\/\/musique-sacree-aix.fr\/index.php\/2023\/10\/23\/concerto-soave-valorisation-du-fonds-musical-de-la-maitrise\/#primaryimage"},"datePublished":"2023-10-23T19:23:48+00:00","dateModified":"2024-03-01T19:08:37+00:00","breadcrumb":{"@id":"https:\/\/musique-sacree-aix.fr\/index.php\/2023\/10\/23\/concerto-soave-valorisation-du-fonds-musical-de-la-maitrise\/#breadcrumb"},"inLanguage":"fr-FR","potentialAction":[{"@type":"ReadAction","target":["https:\/\/musique-sacree-aix.fr\/index.php\/2023\/10\/23\/concerto-soave-valorisation-du-fonds-musical-de-la-maitrise\/"]}]},{"@type":"BreadcrumbList","@id":"https:\/\/musique-sacree-aix.fr\/index.php\/2023\/10\/23\/concerto-soave-valorisation-du-fonds-musical-de-la-maitrise\/#breadcrumb","itemListElement":[{"@type":"ListItem","position":1,"name":"Accueil","item":"https:\/\/musique-sacree-aix.fr\/"},{"@type":"ListItem","position":2,"name":"CONCERT &#8211; Valorisation du fonds musical de la Ma\u00eetrise"}]},{"@type":"Article","@id":"https:\/\/musique-sacree-aix.fr\/index.php\/2023\/10\/23\/concerto-soave-valorisation-du-fonds-musical-de-la-maitrise\/#article","isPartOf":{"@id":"https:\/\/musique-sacree-aix.fr\/index.php\/2023\/10\/23\/concerto-soave-valorisation-du-fonds-musical-de-la-maitrise\/#webpage"},"author":{"@id":"https:\/\/musique-sacree-aix.fr\/#\/schema\/person\/7cdbe29794d7312fb598f3e2c366f86e"},"headline":"CONCERT &#8211; Valorisation du fonds musical de la Ma\u00eetrise","datePublished":"2023-10-23T19:23:48+00:00","dateModified":"2024-03-01T19:08:37+00:00","mainEntityOfPage":{"@id":"https:\/\/musique-sacree-aix.fr\/index.php\/2023\/10\/23\/concerto-soave-valorisation-du-fonds-musical-de-la-maitrise\/#webpage"},"wordCount":98,"publisher":{"@id":"https:\/\/musique-sacree-aix.fr\/#organization"},"image":{"@id":"https:\/\/musique-sacree-aix.fr\/index.php\/2023\/10\/23\/concerto-soave-valorisation-du-fonds-musical-de-la-maitrise\/#primaryimage"},"thumbnailUrl":"https:\/\/musique-sacree-aix.fr\/wp-content\/uploads\/2023\/10\/Banniere-de-concerto-soave2.jpg","articleSection":["Actualit\u00e9s"],"inLanguage":"fr-FR"},{"@type":"Person","@id":"https:\/\/musique-sacree-aix.fr\/#\/schema\/person\/7cdbe29794d7312fb598f3e2c366f86e","name":"admin9269","image":{"@type":"ImageObject","@id":"https:\/\/musique-sacree-aix.fr\/#personlogo","inLanguage":"fr-FR","url":"https:\/\/secure.gravatar.com\/avatar\/748892e064299dd0d3fd6f30c1cb9f41?s=96&d=mm&r=g","contentUrl":"https:\/\/secure.gravatar.com\/avatar\/748892e064299dd0d3fd6f30c1cb9f41?s=96&d=mm&r=g","caption":"admin9269"},"url":"https:\/\/musique-sacree-aix.fr\/index.php\/author\/admin9269\/"}]}},"jetpack_featured_media_url":"https:\/\/musique-sacree-aix.fr\/wp-content\/uploads\/2023\/10\/Banniere-de-concerto-soave2.jpg","jetpack_sharing_enabled":true,"_links":{"self":[{"href":"https:\/\/musique-sacree-aix.fr\/index.php\/wp-json\/wp\/v2\/posts\/1060"}],"collection":[{"href":"https:\/\/musique-sacree-aix.fr\/index.php\/wp-json\/wp\/v2\/posts"}],"about":[{"href":"https:\/\/musique-sacree-aix.fr\/index.php\/wp-json\/wp\/v2\/types\/post"}],"author":[{"embeddable":true,"href":"https:\/\/musique-sacree-aix.fr\/index.php\/wp-json\/wp\/v2\/users\/1"}],"replies":[{"embeddable":true,"href":"https:\/\/musique-sacree-aix.fr\/index.php\/wp-json\/wp\/v2\/comments?post=1060"}],"version-history":[{"count":6,"href":"https:\/\/musique-sacree-aix.fr\/index.php\/wp-json\/wp\/v2\/posts\/1060\/revisions"}],"predecessor-version":[{"id":1077,"href":"https:\/\/musique-sacree-aix.fr\/index.php\/wp-json\/wp\/v2\/posts\/1060\/revisions\/1077"}],"wp:featuredmedia":[{"embeddable":true,"href":"https:\/\/musique-sacree-aix.fr\/index.php\/wp-json\/wp\/v2\/media\/1070"}],"wp:attachment":[{"href":"https:\/\/musique-sacree-aix.fr\/index.php\/wp-json\/wp\/v2\/media?parent=1060"}],"wp:term":[{"taxonomy":"category","embeddable":true,"href":"https:\/\/musique-sacree-aix.fr\/index.php\/wp-json\/wp\/v2\/categories?post=1060"},{"taxonomy":"post_tag","embeddable":true,"href":"https:\/\/musique-sacree-aix.fr\/index.php\/wp-json\/wp\/v2\/tags?post=1060"}],"curies":[{"name":"wp","href":"https:\/\/api.w.org\/{rel}","templated":true}]}}